{"id":153219,"date":"2025-12-03T08:58:05","date_gmt":"2025-12-03T12:58:05","guid":{"rendered":"https:\/\/www.campogrande.ms.gov.br\/cgnoticias\/?post_type=sec-noticias&#038;p=153219"},"modified":"2025-12-03T09:39:43","modified_gmt":"2025-12-03T13:39:43","slug":"campo-grande-inicia-a-vacinacao-contra-bronquiolite-em-gestantes","status":"publish","type":"sec-noticias","link":"https:\/\/www.campogrande.ms.gov.br\/cgnoticias\/noticia\/campo-grande-inicia-a-vacinacao-contra-bronquiolite-em-gestantes\/","title":{"rendered":"Campo Grande inicia a vacina\u00e7\u00e3o contra bronquiolite em gestantes\u00a0"},"content":{"rendered":"\n<p>A Prefeitura de Campo Grande inicia, nesta quarta-feira (03), a aplica\u00e7\u00e3o da vacina contra o v\u00edrus sincicial respirat\u00f3rio (VSR), principal causador da bronquiolite, para gestantes a partir da 28\u00aa semana. As doses come\u00e7am a ser aplicadas hoje, \u00e0s 13h, em sete unidades de sa\u00fade estrat\u00e9gicas, distribu\u00eddas por toda a cidade.&nbsp;<\/p>\n\n\n\n<p>Ao todo, o munic\u00edpio recebeu 2.966 doses, quantidade suficiente para atender, neste primeiro momento, as cerca de 1,6 mil gestantes que j\u00e1 est\u00e3o acima da 28\u00aa semana e aptas a receber o imunizante.&nbsp;Esta vacina refor\u00e7a a prote\u00e7\u00e3o dos beb\u00eas nos primeiros meses de vida, quando eles s\u00e3o mais suscet\u00edveis \u00e0s formas graves da doen\u00e7a&nbsp;<\/p>\n\n\n\n<p>De acordo com a superintendente de Vigil\u00e2ncia em Sa\u00fade e Ambiente, Veruska&nbsp;Lahdo, a escolha dos pontos segue uma estrat\u00e9gia de garantir cobertura em toda a cidade. \u201cAdotamos como estrat\u00e9gia o referenciamento de uma unidade de sa\u00fade por distrito para que garant\u00edssemos o atendimento \u00e0s gestantes de toda a cidade, mas, gradativamente, a vacina estar\u00e1 dispon\u00edvel em todas as 74 unidades de sa\u00fade\u201d, explica.&nbsp;&nbsp;<\/p>\n\n\n\n<p>A vacina representa um importante avan\u00e7o na preven\u00e7\u00e3o da bronquiolite, doen\u00e7a que costuma afetar com maior gravidade os rec\u00e9m-nascidos e beb\u00eas pequenos, especialmente durante per\u00edodos de maior circula\u00e7\u00e3o do v\u00edrus sincicial respirat\u00f3rio (VSR), e que gera uma taxa de interna\u00e7\u00e3o de at\u00e9 50% naqueles menores de tr\u00eas meses de idade.&nbsp;<\/p>\n\n\n\n<p>A Secretaria Municipal de Sa\u00fade orienta que as gestantes procurem uma das unidades referenciadas a partir das 13h, levando documento pessoal.&nbsp;A vacina\u00e7\u00e3o acontece obedecendo o hor\u00e1rio de funcionamento das salas de vacina, onde a maioria permanece aberta at\u00e9 16h45, com&nbsp;exce\u00e7\u00e3o&nbsp;da&nbsp;USF Noroeste, que segue at\u00e9 22h45.&nbsp;<\/p>\n\n\n\n<p>As&nbsp;unidades que iniciam a vacina\u00e7\u00e3o hoje s\u00e3o:&nbsp;<\/p>\n\n\n\n<ul class=\"wp-block-list\">\n<li>USF Noroeste&nbsp; Rua Dois Irm\u00e3os, 701 \u2013 Jardim Noroeste&nbsp;&nbsp;<\/li>\n\n\n\n<li>USF Oliveira II&nbsp; Rua Ant\u00f4nio Jo\u00e3o Escobar, 390 \u2013 Oliveira II&nbsp;<\/li>\n\n\n\n<li>USF Universit\u00e1rio&nbsp; Rua Marqu\u00eas de Olinda, 295 \u2013 Universit\u00e1rio&nbsp;<\/li>\n\n\n\n<li>USF Dona Neta&nbsp; Rua Cora, 100 &#8211; Guanandi&nbsp;<\/li>\n\n\n\n<li>USF Paradiso&nbsp; Rua Hanna&nbsp;Abdulahad, 315 \u2013 Jardim Paradiso&nbsp;<\/li>\n\n\n\n<li>USF 26 de Agosto&nbsp; Rua Rui Barbosa, 4.670 \u2013&nbsp;S\u00e3o Francisco&nbsp;<\/li>\n\n\n\n<li>USF Aero It\u00e1lia Rua Rio Galheiros, 280 \u2013 Jardim Aeroporto&nbsp;<\/li>\n<\/ul>\n\n\n\n<p><\/p>\n","protected":false},"author":310,"featured_media":153231,"template":"","meta":{"custom_icon_class":"","footnotes":""},"categories":[40],"tags":[],"class_list":["post-153219","sec-noticias","type-sec-noticias","status-publish","has-post-thumbnail","hentry","category-saude"],"acf":[],"_links":{"self":[{"href":"https:\/\/www.campogrande.ms.gov.br\/cgnoticias\/wp-json\/wp\/v2\/sec-noticias\/153219"}],"collection":[{"href":"https:\/\/www.campogrande.ms.gov.br\/cgnoticias\/wp-json\/wp\/v2\/sec-noticias"}],"about":[{"href":"https:\/\/www.campogrande.ms.gov.br\/cgnoticias\/wp-json\/wp\/v2\/types\/sec-noticias"}],"author":[{"embeddable":true,"href":"https:\/\/www.campogrande.ms.gov.br\/cgnoticias\/wp-json\/wp\/v2\/users\/310"}],"version-history":[{"count":5,"href":"https:\/\/www.campogrande.ms.gov.br\/cgnoticias\/wp-json\/wp\/v2\/sec-noticias\/153219\/revisions"}],"predecessor-version":[{"id":153241,"href":"https:\/\/www.campogrande.ms.gov.br\/cgnoticias\/wp-json\/wp\/v2\/sec-noticias\/153219\/revisions\/153241"}],"wp:featuredmedia":[{"embeddable":true,"href":"https:\/\/www.campogrande.ms.gov.br\/cgnoticias\/wp-json\/wp\/v2\/media\/153231"}],"wp:attachment":[{"href":"https:\/\/www.campogrande.ms.gov.br\/cgnoticias\/wp-json\/wp\/v2\/media?parent=153219"}],"wp:term":[{"taxonomy":"category","embeddable":true,"href":"https:\/\/www.campogrande.ms.gov.br\/cgnoticias\/wp-json\/wp\/v2\/categories?post=153219"},{"taxonomy":"post_tag","embeddable":true,"href":"https:\/\/www.campogrande.ms.gov.br\/cgnoticias\/wp-json\/wp\/v2\/tags?post=153219"}],"curies":[{"name":"wp","href":"https:\/\/api.w.org\/{rel}","templated":true}]}}