{"id":152930,"date":"2025-11-28T09:34:35","date_gmt":"2025-11-28T13:34:35","guid":{"rendered":"https:\/\/www.campogrande.ms.gov.br\/cgnoticias\/?post_type=sec-noticias&#038;p=152930"},"modified":"2025-11-28T13:21:13","modified_gmt":"2025-11-28T17:21:13","slug":"campo-grande-convoca-aprovados-em-processos-seletivos-temporarios-para-infraestrutura-e-educacao","status":"publish","type":"sec-noticias","link":"https:\/\/www.campogrande.ms.gov.br\/cgnoticias\/noticia\/campo-grande-convoca-aprovados-em-processos-seletivos-temporarios-para-infraestrutura-e-educacao\/","title":{"rendered":"Capital convoca aprovados em processos seletivos tempor\u00e1rios para Infraestrutura e Educa\u00e7\u00e3o"},"content":{"rendered":"\n<p>A Prefeitura de Campo Grande publicou, na edi\u00e7\u00e3o desta sexta-feira (28) do Di\u00e1rio Oficial, dois editais de convoca\u00e7\u00e3o referentes a Processos Seletivos Simplificados para contrata\u00e7\u00e3o tempor\u00e1ria de profissionais. As chamadas t\u00eam o objetivo de recompor vac\u00e2ncias existentes nas pastas, sem aumento de despesas com pessoal.<\/p>\n\n\n\n<p>As convoca\u00e7\u00f5es s\u00e3o realizadas pela Secretaria Municipal de Administra\u00e7\u00e3o e Inova\u00e7\u00e3o (SEMADI) e atendem demandas da Secretaria Municipal de Infraestrutura e Servi\u00e7os P\u00fablicos (SISEP) e da Secretaria Municipal de Educa\u00e7\u00e3o (SEMED).<\/p>\n\n\n\n<p><strong>Convoca\u00e7\u00e3o para a SISEP \u2013 Edital n. 23\/2025-04<\/strong><\/p>\n\n\n\n<p>O primeiro edital convoca aprovados para as fun\u00e7\u00f5es de Gestor de Opera\u00e7\u00f5es (Engenharia El\u00e9trica) e T\u00e9cnico de Opera\u00e7\u00f5es (Eletricista), visando atender necessidades da SISEP.<\/p>\n\n\n\n<p>Os convocados devem se apresentar no dia 1\u00ba de dezembro de 2025, \u00e0s 8h30, na Ger\u00eancia de Recursos Humanos da SISEP, situada na Rua Madre Estanislau Pannatier, 1199 \u2013 Jardim Monumento.<\/p>\n\n\n\n<p>Na ocasi\u00e3o, ser\u00e3o repassadas orienta\u00e7\u00f5es sobre entrega de documentos e procedimentos necess\u00e1rios para a formaliza\u00e7\u00e3o da contrata\u00e7\u00e3o tempor\u00e1ria.<\/p>\n\n\n\n<p><strong>Convoca\u00e7\u00e3o para a SEMED \u2013 Edital n. 15\/2025-17<\/strong><\/p>\n\n\n\n<p>O segundo edital convoca candidatos aprovados para atuar como Gestor de Opera\u00e7\u00f5es\/Projetista \u2013 Or\u00e7amentista (T\u00e9cnico de Vistorias). As vagas abrangem ampla concorr\u00eancia e tamb\u00e9m categorias de cotas, incluindo negros, ind\u00edgenas e pessoas com defici\u00eancia.<\/p>\n\n\n\n<p>A apresenta\u00e7\u00e3o ocorrer\u00e1 no dia 1\u00ba de dezembro de 2025, \u00e0s 8h, no Espa\u00e7o de Forma\u00e7\u00e3o L\u00fadio Martins Coelho, localizado na Rua Onicieto Severo Monteiro, 460 \u2013 Vila Margarida.<\/p>\n\n\n\n<p>Assim como no edital anterior, os convocados receber\u00e3o orienta\u00e7\u00f5es sobre documenta\u00e7\u00e3o e os pr\u00f3ximos passos para conclus\u00e3o da contrata\u00e7\u00e3o.<br>A rela\u00e7\u00e3o completa dos convocados e demais detalhes podem ser consultados nos editais publicados no <a href=\"https:\/\/diogrande.campogrande.ms.gov.br\/?_gl=1%2Af4v0df%2A_ga%2AMTgyNzQwNTUwMC4xNzU4MTM1Nzg0%2A_ga_5GSFXRRENZ%2AczE3NjQzMzMwMTkkbzE5MCRnMCR0MTc2NDMzMzAxOSRqNjAkbDAkaDA.\" data-type=\"link\" data-id=\"https:\/\/diogrande.campogrande.ms.gov.br\/?_gl=1%2Af4v0df%2A_ga%2AMTgyNzQwNTUwMC4xNzU4MTM1Nzg0%2A_ga_5GSFXRRENZ%2AczE3NjQzMzMwMTkkbzE5MCRnMCR0MTc2NDMzMzAxOSRqNjAkbDAkaDA.\">Diogrande<\/a>.<\/p>\n\n\n\n<p><em>#ParaTodosVerem: Imagem do Pa\u00e7o Municipal com o jardim florido. <\/em><\/p>\n\n\n\n<p><\/p>\n","protected":false},"author":669,"featured_media":152252,"template":"","meta":{"custom_icon_class":"","footnotes":""},"categories":[47],"tags":[],"class_list":["post-152930","sec-noticias","type-sec-noticias","status-publish","has-post-thumbnail","hentry","category-oportunidade"],"acf":[],"_links":{"self":[{"href":"https:\/\/www.campogrande.ms.gov.br\/cgnoticias\/wp-json\/wp\/v2\/sec-noticias\/152930"}],"collection":[{"href":"https:\/\/www.campogrande.ms.gov.br\/cgnoticias\/wp-json\/wp\/v2\/sec-noticias"}],"about":[{"href":"https:\/\/www.campogrande.ms.gov.br\/cgnoticias\/wp-json\/wp\/v2\/types\/sec-noticias"}],"author":[{"embeddable":true,"href":"https:\/\/www.campogrande.ms.gov.br\/cgnoticias\/wp-json\/wp\/v2\/users\/669"}],"version-history":[{"count":4,"href":"https:\/\/www.campogrande.ms.gov.br\/cgnoticias\/wp-json\/wp\/v2\/sec-noticias\/152930\/revisions"}],"predecessor-version":[{"id":152979,"href":"https:\/\/www.campogrande.ms.gov.br\/cgnoticias\/wp-json\/wp\/v2\/sec-noticias\/152930\/revisions\/152979"}],"wp:featuredmedia":[{"embeddable":true,"href":"https:\/\/www.campogrande.ms.gov.br\/cgnoticias\/wp-json\/wp\/v2\/media\/152252"}],"wp:attachment":[{"href":"https:\/\/www.campogrande.ms.gov.br\/cgnoticias\/wp-json\/wp\/v2\/media?parent=152930"}],"wp:term":[{"taxonomy":"category","embeddable":true,"href":"https:\/\/www.campogrande.ms.gov.br\/cgnoticias\/wp-json\/wp\/v2\/categories?post=152930"},{"taxonomy":"post_tag","embeddable":true,"href":"https:\/\/www.campogrande.ms.gov.br\/cgnoticias\/wp-json\/wp\/v2\/tags?post=152930"}],"curies":[{"name":"wp","href":"https:\/\/api.w.org\/{rel}","templated":true}]}}