{"id":152819,"date":"2025-11-27T07:45:00","date_gmt":"2025-11-27T11:45:00","guid":{"rendered":"https:\/\/www.campogrande.ms.gov.br\/cgnoticias\/?post_type=sec-noticias&#038;p=152819"},"modified":"2025-11-27T08:48:46","modified_gmt":"2025-11-27T12:48:46","slug":"rede-limpa-retira-15-mil-metros-de-fios-irregulares-no-centro-de-campo-grande","status":"publish","type":"sec-noticias","link":"https:\/\/www.campogrande.ms.gov.br\/cgnoticias\/noticia\/rede-limpa-retira-15-mil-metros-de-fios-irregulares-no-centro-de-campo-grande\/","title":{"rendered":"Rede Limpa retira 15 mil metros de fios irregulares no Centro de Campo Grande"},"content":{"rendered":"\n<p>O projeto piloto Rede Limpa retirou aproximadamente 15 mil metros de cabos irregulares e abandonados em 43 postes do Centro de Campo Grande, em uma opera\u00e7\u00e3o que come\u00e7ou na noite desta quarta-feira (26). A iniciativa tem como objetivo garantir mais seguran\u00e7a, mobilidade e organiza\u00e7\u00e3o visual na regi\u00e3o. O plano da Prefeitura \u00e9 expandir a a\u00e7\u00e3o para os bairros, criando uma rotina permanente de ordenamento da rede a\u00e9rea.<\/p>\n\n\n\n<p>A opera\u00e7\u00e3o \u00e9 resultado de uma parceria entre a Prefeitura Municipal, a Ag\u00eancia Estadual de Regula\u00e7\u00e3o de Servi\u00e7os P\u00fablicos (Agems) e a concession\u00e1ria Energisa.<\/p>\n\n\n\n<p>Foram atendidos 21 postes na Rua 13 de Maio e 22 na Avenida Cal\u00f3geras. Em m\u00e9dia, foram removidos cabos de 12 pontos por poste. As equipes iniciaram os trabalhos \u00e0s 22h, hor\u00e1rio escolhido para minimizar impactos no tr\u00e2nsito e na circula\u00e7\u00e3o de pedestres.<\/p>\n\n\n\n<figure class=\"wp-block-image size-large\"><img fetchpriority=\"high\" decoding=\"async\" width=\"1024\" height=\"682\" src=\"https:\/\/cdn.campogrande.ms.gov.br\/portal\/prod\/uploads\/sites\/3\/2025\/11\/REDE-LIMPA-OPERACAO-PREFCG-15-1024x682.jpeg\" alt=\"\" class=\"wp-image-152849\" srcset=\"https:\/\/cdn.campogrande.ms.gov.br\/portal\/prod\/uploads\/sites\/3\/2025\/11\/REDE-LIMPA-OPERACAO-PREFCG-15-1024x682.jpeg 1024w, https:\/\/cdn.campogrande.ms.gov.br\/portal\/prod\/uploads\/sites\/3\/2025\/11\/REDE-LIMPA-OPERACAO-PREFCG-15-300x200.jpeg 300w, https:\/\/cdn.campogrande.ms.gov.br\/portal\/prod\/uploads\/sites\/3\/2025\/11\/REDE-LIMPA-OPERACAO-PREFCG-15-768x512.jpeg 768w, https:\/\/cdn.campogrande.ms.gov.br\/portal\/prod\/uploads\/sites\/3\/2025\/11\/REDE-LIMPA-OPERACAO-PREFCG-15.jpeg 1280w\" sizes=\"(max-width: 1024px) 100vw, 1024px\" \/><\/figure>\n\n\n\n<p>A primeira etapa aconteceu no quadril\u00e1tero formado pelas avenidas Mato Grosso, 13 de Maio, Afonso Pena e Cal\u00f3geras. Tamb\u00e9m foram inclu\u00eddas ruas internas como 14 de Julho, Ant\u00f4nio Maria Coelho, Maracaju, Marechal Rondon, Dom Aquino e Bar\u00e3o do Rio Branco.<\/p>\n\n\n\n<p>De acordo com a Energisa, as 144 empresas cadastradas foram previamente notificadas. No entanto, anos de instala\u00e7\u00f5es clandestinas causaram ac\u00famulo de cabos, sobrecarga nos postes e riscos \u00e0 popula\u00e7\u00e3o.<\/p>\n\n\n\n<figure class=\"wp-block-image size-large\"><img decoding=\"async\" width=\"1024\" height=\"682\" src=\"https:\/\/cdn.campogrande.ms.gov.br\/portal\/prod\/uploads\/sites\/3\/2025\/11\/REDE-LIMPA-OPERACAO-PREFCG-10-1024x682.jpeg\" alt=\"\" class=\"wp-image-152850\" srcset=\"https:\/\/cdn.campogrande.ms.gov.br\/portal\/prod\/uploads\/sites\/3\/2025\/11\/REDE-LIMPA-OPERACAO-PREFCG-10-1024x682.jpeg 1024w, https:\/\/cdn.campogrande.ms.gov.br\/portal\/prod\/uploads\/sites\/3\/2025\/11\/REDE-LIMPA-OPERACAO-PREFCG-10-300x200.jpeg 300w, https:\/\/cdn.campogrande.ms.gov.br\/portal\/prod\/uploads\/sites\/3\/2025\/11\/REDE-LIMPA-OPERACAO-PREFCG-10-768x512.jpeg 768w, https:\/\/cdn.campogrande.ms.gov.br\/portal\/prod\/uploads\/sites\/3\/2025\/11\/REDE-LIMPA-OPERACAO-PREFCG-10.jpeg 1280w\" sizes=\"(max-width: 1024px) 100vw, 1024px\" \/><\/figure>\n\n\n\n<p>A opera\u00e7\u00e3o \u00e9 coordenada por um Grupo de Trabalho formado por v\u00e1rios \u00f3rg\u00e3os p\u00fablicos e t\u00e9cnicos. Participam a Agems, a Secretaria Especial de Articula\u00e7\u00e3o Regional (Sear), a Defesa Civil, a Secretaria Municipal de Meio Ambiente, Gest\u00e3o Urbana e Desenvolvimento Econ\u00f4mico, Tur\u00edstico e Sustent\u00e1vel (Semades), a Ag\u00eancia Municipal de Transporte e Tr\u00e2nsito (Agetran), al\u00e9m da Energisa. As equipes da Guarda Civil Metropolitana (GCM) tamb\u00e9m estiveram no local. A Secretaria Municipal de Infraestrutura e Servi\u00e7os P\u00fablicos (Sisep) forneceu caminh\u00f5es para retirada dos descartes.<\/p>\n\n\n\n<p>Segundo o secret\u00e1rio especial de Articula\u00e7\u00e3o Regional, Darci Caldo, a coopera\u00e7\u00e3o entre munic\u00edpio, ag\u00eancia reguladora e concession\u00e1ria foi essencial para tirar o projeto do papel.<\/p>\n\n\n\n<p>&#8220;O ac\u00famulo de cabos instalados de forma irregular ao longo dos anos tem causado riscos el\u00e9tricos, acidentes, preju\u00edzos \u00e0 mobilidade e comprometimento da est\u00e9tica do Centro. Na a\u00e7\u00e3o desta noite, foram removidos fios clandestinos, partidos, abandonados ou sem identifica\u00e7\u00e3o, preservando-se apenas as fibras \u00f3pticas devidamente regularizadas&#8221;, destacou.<\/p>\n\n\n\n<p>Ele tamb\u00e9m ressaltou que a desorganiza\u00e7\u00e3o favorece furtos e gera sensa\u00e7\u00e3o de inseguran\u00e7a.<\/p>\n\n\n\n<figure class=\"wp-block-image size-large\"><img decoding=\"async\" width=\"1024\" height=\"682\" src=\"https:\/\/cdn.campogrande.ms.gov.br\/portal\/prod\/uploads\/sites\/3\/2025\/11\/REDE-LIMPA-OPERACAO-PREFCG-4-1024x682.jpeg\" alt=\"\" class=\"wp-image-152847\" srcset=\"https:\/\/cdn.campogrande.ms.gov.br\/portal\/prod\/uploads\/sites\/3\/2025\/11\/REDE-LIMPA-OPERACAO-PREFCG-4-1024x682.jpeg 1024w, https:\/\/cdn.campogrande.ms.gov.br\/portal\/prod\/uploads\/sites\/3\/2025\/11\/REDE-LIMPA-OPERACAO-PREFCG-4-300x200.jpeg 300w, https:\/\/cdn.campogrande.ms.gov.br\/portal\/prod\/uploads\/sites\/3\/2025\/11\/REDE-LIMPA-OPERACAO-PREFCG-4-768x512.jpeg 768w, https:\/\/cdn.campogrande.ms.gov.br\/portal\/prod\/uploads\/sites\/3\/2025\/11\/REDE-LIMPA-OPERACAO-PREFCG-4.jpeg 1280w\" sizes=\"(max-width: 1024px) 100vw, 1024px\" \/><\/figure>\n\n\n\n<p>Representando a Agems, Adriana de Vito Ros Ortiz explicou que o projeto no Centro foi planejado com mapeamento t\u00e9cnico dos cabos e aten\u00e7\u00e3o \u00e0 seguran\u00e7a de todos os envolvidos:<\/p>\n\n\n\n<p>&#8220;A gente preza pela seguran\u00e7a, e o per\u00edodo foi escolhido estrategicamente para evitar interfer\u00eancias no tr\u00e2nsito e garantir que a mobilidade urbana n\u00e3o seja afetada durante o hor\u00e1rio de maior fluxo&#8221;, afirmou.<\/p>\n\n\n\n<figure class=\"wp-block-image size-large\"><img loading=\"lazy\" decoding=\"async\" width=\"1024\" height=\"682\" src=\"https:\/\/cdn.campogrande.ms.gov.br\/portal\/prod\/uploads\/sites\/3\/2025\/11\/REDE-LIMPA-OPERACAO-PREFCG-11-1024x682.jpeg\" alt=\"\" class=\"wp-image-152845\" srcset=\"https:\/\/cdn.campogrande.ms.gov.br\/portal\/prod\/uploads\/sites\/3\/2025\/11\/REDE-LIMPA-OPERACAO-PREFCG-11-1024x682.jpeg 1024w, https:\/\/cdn.campogrande.ms.gov.br\/portal\/prod\/uploads\/sites\/3\/2025\/11\/REDE-LIMPA-OPERACAO-PREFCG-11-300x200.jpeg 300w, https:\/\/cdn.campogrande.ms.gov.br\/portal\/prod\/uploads\/sites\/3\/2025\/11\/REDE-LIMPA-OPERACAO-PREFCG-11-768x512.jpeg 768w, https:\/\/cdn.campogrande.ms.gov.br\/portal\/prod\/uploads\/sites\/3\/2025\/11\/REDE-LIMPA-OPERACAO-PREFCG-11.jpeg 1280w\" sizes=\"(max-width: 1024px) 100vw, 1024px\" \/><\/figure>\n\n\n\n<p>O presidente do Conselho Regional do Centro, Salvador Severino da Silva, acompanhou o in\u00edcio da opera\u00e7\u00e3o ao lado da conselheira Val\u00e9ria Gon\u00e7alves.<\/p>\n\n\n\n<p>&#8220;Como presidente do conselho, vejo como hist\u00f3rica. Pedimos essa a\u00e7\u00e3o e fomos atendidos&#8221;, afirmou.<\/p>\n\n\n\n<figure class=\"wp-block-image size-large\"><img loading=\"lazy\" decoding=\"async\" width=\"1024\" height=\"682\" src=\"https:\/\/cdn.campogrande.ms.gov.br\/portal\/prod\/uploads\/sites\/3\/2025\/11\/REDE-LIMPA-OPERACAO-PREFCG-3-1024x682.jpeg\" alt=\"\" class=\"wp-image-152846\" srcset=\"https:\/\/cdn.campogrande.ms.gov.br\/portal\/prod\/uploads\/sites\/3\/2025\/11\/REDE-LIMPA-OPERACAO-PREFCG-3-1024x682.jpeg 1024w, https:\/\/cdn.campogrande.ms.gov.br\/portal\/prod\/uploads\/sites\/3\/2025\/11\/REDE-LIMPA-OPERACAO-PREFCG-3-300x200.jpeg 300w, https:\/\/cdn.campogrande.ms.gov.br\/portal\/prod\/uploads\/sites\/3\/2025\/11\/REDE-LIMPA-OPERACAO-PREFCG-3-768x512.jpeg 768w, https:\/\/cdn.campogrande.ms.gov.br\/portal\/prod\/uploads\/sites\/3\/2025\/11\/REDE-LIMPA-OPERACAO-PREFCG-3.jpeg 1280w\" sizes=\"(max-width: 1024px) 100vw, 1024px\" \/><\/figure>\n\n\n\n<p>O secret\u00e1rio da Semades, Ademar da Silva J\u00fanior, pontua que \u201ca retirada dos fios irregulares \u00e9 uma demanda antiga dos comerciantes e da popula\u00e7\u00e3o, e com essa a\u00e7\u00e3o conjunta estamos avan\u00e7ando para um padr\u00e3o urbano mais limpo, moderno e funcional.\u201d<\/p>\n\n\n\n<p>Ap\u00f3s a limpeza dos postes, haver\u00e1 rondas preventivas pelas for\u00e7as de seguran\u00e7a para evitar novas liga\u00e7\u00f5es clandestinas. O projeto prev\u00ea ainda monitoramento cont\u00ednuo da rede e a possibilidade de amplia\u00e7\u00e3o para outros bairros da capital, consolidando o Rede Limpa como um modelo permanente de gest\u00e3o e organiza\u00e7\u00e3o da fia\u00e7\u00e3o a\u00e9rea em Campo Grande.<\/p>\n\n\n\n<figure class=\"wp-block-image size-large\"><img loading=\"lazy\" decoding=\"async\" width=\"1024\" height=\"682\" src=\"https:\/\/cdn.campogrande.ms.gov.br\/portal\/prod\/uploads\/sites\/3\/2025\/11\/REDE-LIMPA-OPERACAO-PREFCG-27-1024x682.jpeg\" alt=\"\" class=\"wp-image-152851\" srcset=\"https:\/\/cdn.campogrande.ms.gov.br\/portal\/prod\/uploads\/sites\/3\/2025\/11\/REDE-LIMPA-OPERACAO-PREFCG-27-1024x682.jpeg 1024w, https:\/\/cdn.campogrande.ms.gov.br\/portal\/prod\/uploads\/sites\/3\/2025\/11\/REDE-LIMPA-OPERACAO-PREFCG-27-300x200.jpeg 300w, https:\/\/cdn.campogrande.ms.gov.br\/portal\/prod\/uploads\/sites\/3\/2025\/11\/REDE-LIMPA-OPERACAO-PREFCG-27-768x512.jpeg 768w, https:\/\/cdn.campogrande.ms.gov.br\/portal\/prod\/uploads\/sites\/3\/2025\/11\/REDE-LIMPA-OPERACAO-PREFCG-27.jpeg 1280w\" sizes=\"(max-width: 1024px) 100vw, 1024px\" \/><\/figure>\n\n\n\n<p><em>#ParaTodosVerem As imagens mostram a a\u00e7\u00e3o conjunta. <\/em><\/p>\n","protected":false},"author":560,"featured_media":152848,"template":"","meta":{"custom_icon_class":"","footnotes":""},"categories":[],"tags":[],"class_list":["post-152819","sec-noticias","type-sec-noticias","status-publish","has-post-thumbnail","hentry"],"acf":[],"_links":{"self":[{"href":"https:\/\/www.campogrande.ms.gov.br\/cgnoticias\/wp-json\/wp\/v2\/sec-noticias\/152819"}],"collection":[{"href":"https:\/\/www.campogrande.ms.gov.br\/cgnoticias\/wp-json\/wp\/v2\/sec-noticias"}],"about":[{"href":"https:\/\/www.campogrande.ms.gov.br\/cgnoticias\/wp-json\/wp\/v2\/types\/sec-noticias"}],"author":[{"embeddable":true,"href":"https:\/\/www.campogrande.ms.gov.br\/cgnoticias\/wp-json\/wp\/v2\/users\/560"}],"version-history":[{"count":10,"href":"https:\/\/www.campogrande.ms.gov.br\/cgnoticias\/wp-json\/wp\/v2\/sec-noticias\/152819\/revisions"}],"predecessor-version":[{"id":152857,"href":"https:\/\/www.campogrande.ms.gov.br\/cgnoticias\/wp-json\/wp\/v2\/sec-noticias\/152819\/revisions\/152857"}],"wp:featuredmedia":[{"embeddable":true,"href":"https:\/\/www.campogrande.ms.gov.br\/cgnoticias\/wp-json\/wp\/v2\/media\/152848"}],"wp:attachment":[{"href":"https:\/\/www.campogrande.ms.gov.br\/cgnoticias\/wp-json\/wp\/v2\/media?parent=152819"}],"wp:term":[{"taxonomy":"category","embeddable":true,"href":"https:\/\/www.campogrande.ms.gov.br\/cgnoticias\/wp-json\/wp\/v2\/categories?post=152819"},{"taxonomy":"post_tag","embeddable":true,"href":"https:\/\/www.campogrande.ms.gov.br\/cgnoticias\/wp-json\/wp\/v2\/tags?post=152819"}],"curies":[{"name":"wp","href":"https:\/\/api.w.org\/{rel}","templated":true}]}}