{"id":152525,"date":"2025-11-19T11:35:00","date_gmt":"2025-11-19T15:35:00","guid":{"rendered":"https:\/\/www.campogrande.ms.gov.br\/cgnoticias\/?post_type=sec-noticias&#038;p=152525"},"modified":"2025-11-20T14:57:39","modified_gmt":"2025-11-20T18:57:39","slug":"com-forca-tarefa-prefeitura-restaura-trecho-da-rotatoria-da-av-rachid-neder","status":"publish","type":"sec-noticias","link":"https:\/\/www.campogrande.ms.gov.br\/cgnoticias\/noticia\/com-forca-tarefa-prefeitura-restaura-trecho-da-rotatoria-da-av-rachid-neder\/","title":{"rendered":"Com for\u00e7a-tarefa, Prefeitura restaura trecho de rotat\u00f3ria na Av. Rachid Neder"},"content":{"rendered":"\n<p>A Prefeitura de Campo Grande, por meio da Secretaria Municipal de Infraestrutura e Servi\u00e7os P\u00fablicos (Sisep), intensificou os trabalhos durante o per\u00edodo de estiagem para recuperar os estragos provocados pelo temporal da \u00faltima semana. Nesta quarta-feira (19), m\u00e1quinas e trabalhadores atuaram desde cedo na recomposi\u00e7\u00e3o do asfalto levado pela enxurrada na rotat\u00f3ria da Avenida Rachid Neder com a Avenida Ernesto Geisel. A previs\u00e3o \u00e9 concluir o servi\u00e7o at\u00e9 o meio da tarde.<\/p>\n\n\n\n<p>Ao todo, mais de 100 toneladas de capa asf\u00e1ltica est\u00e3o sendo utilizadas na pavimenta\u00e7\u00e3o do trecho danificado, incluindo tamb\u00e9m partes das avenidas Ernesto Geisel e Rachid Neder, pr\u00f3ximas \u00e0 rotat\u00f3ria. <\/p>\n\n\n\n<figure class=\"wp-block-image size-large\"><img fetchpriority=\"high\" decoding=\"async\" width=\"1024\" height=\"684\" src=\"https:\/\/cdn.campogrande.ms.gov.br\/portal\/prod\/uploads\/sites\/3\/2025\/11\/WhatsApp-Image-2025-11-19-at-11.52.15-1024x684.jpeg\" alt=\"\" class=\"wp-image-152535\" srcset=\"https:\/\/cdn.campogrande.ms.gov.br\/portal\/prod\/uploads\/sites\/3\/2025\/11\/WhatsApp-Image-2025-11-19-at-11.52.15-1024x684.jpeg 1024w, https:\/\/cdn.campogrande.ms.gov.br\/portal\/prod\/uploads\/sites\/3\/2025\/11\/WhatsApp-Image-2025-11-19-at-11.52.15-300x200.jpeg 300w, https:\/\/cdn.campogrande.ms.gov.br\/portal\/prod\/uploads\/sites\/3\/2025\/11\/WhatsApp-Image-2025-11-19-at-11.52.15-768x513.jpeg 768w, https:\/\/cdn.campogrande.ms.gov.br\/portal\/prod\/uploads\/sites\/3\/2025\/11\/WhatsApp-Image-2025-11-19-at-11.52.15-1536x1025.jpeg 1536w, https:\/\/cdn.campogrande.ms.gov.br\/portal\/prod\/uploads\/sites\/3\/2025\/11\/WhatsApp-Image-2025-11-19-at-11.52.15.jpeg 1600w\" sizes=\"(max-width: 1024px) 100vw, 1024px\" \/><\/figure>\n\n\n\n<p>Antes do in\u00edcio das interven\u00e7\u00f5es, o secret\u00e1rio municipal de Infraestrutura e Servi\u00e7os P\u00fablicos, Marcelo Miglioli, esteve no local junto \u00e0 equipe t\u00e9cnica para definir estrat\u00e9gias que garantissem agilidade e qualidade na execu\u00e7\u00e3o.<\/p>\n\n\n\n<p>Logo ap\u00f3s o temporal, as equipes da Sisep realizaram a limpeza do canal do c\u00f3rrego Segredo e das vias afetadas, retirando troncos, galhos, \u00e1rvores de pequeno porte e grandes placas de asfalto arrancadas pela for\u00e7a da \u00e1gua. <\/p>\n\n\n\n<figure class=\"wp-block-image size-large\"><img decoding=\"async\" width=\"1024\" height=\"684\" src=\"https:\/\/cdn.campogrande.ms.gov.br\/portal\/prod\/uploads\/sites\/3\/2025\/11\/WhatsApp-Image-2025-11-19-at-11.52.24-1024x684.jpeg\" alt=\"\" class=\"wp-image-152536\" srcset=\"https:\/\/cdn.campogrande.ms.gov.br\/portal\/prod\/uploads\/sites\/3\/2025\/11\/WhatsApp-Image-2025-11-19-at-11.52.24-1024x684.jpeg 1024w, https:\/\/cdn.campogrande.ms.gov.br\/portal\/prod\/uploads\/sites\/3\/2025\/11\/WhatsApp-Image-2025-11-19-at-11.52.24-300x200.jpeg 300w, https:\/\/cdn.campogrande.ms.gov.br\/portal\/prod\/uploads\/sites\/3\/2025\/11\/WhatsApp-Image-2025-11-19-at-11.52.24-768x513.jpeg 768w, https:\/\/cdn.campogrande.ms.gov.br\/portal\/prod\/uploads\/sites\/3\/2025\/11\/WhatsApp-Image-2025-11-19-at-11.52.24-1536x1025.jpeg 1536w, https:\/\/cdn.campogrande.ms.gov.br\/portal\/prod\/uploads\/sites\/3\/2025\/11\/WhatsApp-Image-2025-11-19-at-11.52.24.jpeg 1600w\" sizes=\"(max-width: 1024px) 100vw, 1024px\" \/><\/figure>\n\n\n\n<p>A recomposi\u00e7\u00e3o da via n\u00e3o p\u00f4de ser feita na segunda-feira devido \u00e0 chuva, e tampouco ontem, j\u00e1 que o solo ainda estava encharcado.<\/p>\n\n\n\n<p>Com a previs\u00e3o de novas chuvas para domingo, a Sisep segue trabalhando de forma concentrada para minimizar transtornos \u00e0 popula\u00e7\u00e3o e restaurar a trafegabilidade nas regi\u00f5es mais afetadas.<\/p>\n\n\n\n<figure class=\"wp-block-image size-large\"><img decoding=\"async\" width=\"1024\" height=\"684\" src=\"https:\/\/cdn.campogrande.ms.gov.br\/portal\/prod\/uploads\/sites\/3\/2025\/11\/WhatsApp-Image-2025-11-19-at-11.52.20-1024x684.jpeg\" alt=\"\" class=\"wp-image-152537\" srcset=\"https:\/\/cdn.campogrande.ms.gov.br\/portal\/prod\/uploads\/sites\/3\/2025\/11\/WhatsApp-Image-2025-11-19-at-11.52.20-1024x684.jpeg 1024w, https:\/\/cdn.campogrande.ms.gov.br\/portal\/prod\/uploads\/sites\/3\/2025\/11\/WhatsApp-Image-2025-11-19-at-11.52.20-300x200.jpeg 300w, https:\/\/cdn.campogrande.ms.gov.br\/portal\/prod\/uploads\/sites\/3\/2025\/11\/WhatsApp-Image-2025-11-19-at-11.52.20-768x513.jpeg 768w, https:\/\/cdn.campogrande.ms.gov.br\/portal\/prod\/uploads\/sites\/3\/2025\/11\/WhatsApp-Image-2025-11-19-at-11.52.20-1536x1025.jpeg 1536w, https:\/\/cdn.campogrande.ms.gov.br\/portal\/prod\/uploads\/sites\/3\/2025\/11\/WhatsApp-Image-2025-11-19-at-11.52.20.jpeg 1600w\" sizes=\"(max-width: 1024px) 100vw, 1024px\" \/><\/figure>\n\n\n\n<p><em>#ParaTodosVerem: For\u00e7a-tarefa realizada para recuperar a rotat\u00f3ria da Avenida Rachid Neder e Avenida Ernesto Geisel.<\/em><\/p>\n","protected":false},"author":669,"featured_media":152534,"template":"","meta":{"custom_icon_class":"","footnotes":""},"categories":[67],"tags":[],"class_list":["post-152525","sec-noticias","type-sec-noticias","status-publish","has-post-thumbnail","hentry","category-desenvolvimento-urbano"],"acf":[],"_links":{"self":[{"href":"https:\/\/www.campogrande.ms.gov.br\/cgnoticias\/wp-json\/wp\/v2\/sec-noticias\/152525"}],"collection":[{"href":"https:\/\/www.campogrande.ms.gov.br\/cgnoticias\/wp-json\/wp\/v2\/sec-noticias"}],"about":[{"href":"https:\/\/www.campogrande.ms.gov.br\/cgnoticias\/wp-json\/wp\/v2\/types\/sec-noticias"}],"author":[{"embeddable":true,"href":"https:\/\/www.campogrande.ms.gov.br\/cgnoticias\/wp-json\/wp\/v2\/users\/669"}],"version-history":[{"count":7,"href":"https:\/\/www.campogrande.ms.gov.br\/cgnoticias\/wp-json\/wp\/v2\/sec-noticias\/152525\/revisions"}],"predecessor-version":[{"id":152603,"href":"https:\/\/www.campogrande.ms.gov.br\/cgnoticias\/wp-json\/wp\/v2\/sec-noticias\/152525\/revisions\/152603"}],"wp:featuredmedia":[{"embeddable":true,"href":"https:\/\/www.campogrande.ms.gov.br\/cgnoticias\/wp-json\/wp\/v2\/media\/152534"}],"wp:attachment":[{"href":"https:\/\/www.campogrande.ms.gov.br\/cgnoticias\/wp-json\/wp\/v2\/media?parent=152525"}],"wp:term":[{"taxonomy":"category","embeddable":true,"href":"https:\/\/www.campogrande.ms.gov.br\/cgnoticias\/wp-json\/wp\/v2\/categories?post=152525"},{"taxonomy":"post_tag","embeddable":true,"href":"https:\/\/www.campogrande.ms.gov.br\/cgnoticias\/wp-json\/wp\/v2\/tags?post=152525"}],"curies":[{"name":"wp","href":"https:\/\/api.w.org\/{rel}","templated":true}]}}