{"id":152433,"date":"2025-11-18T09:14:27","date_gmt":"2025-11-18T13:14:27","guid":{"rendered":"https:\/\/www.campogrande.ms.gov.br\/cgnoticias\/?post_type=sec-noticias&#038;p=152433"},"modified":"2025-11-18T11:54:16","modified_gmt":"2025-11-18T15:54:16","slug":"agetran-reforca-transporte-coletivo-no-feriado-da-consciencia-negra-e-do-servidor","status":"publish","type":"sec-noticias","link":"https:\/\/www.campogrande.ms.gov.br\/cgnoticias\/noticia\/agetran-reforca-transporte-coletivo-no-feriado-da-consciencia-negra-e-do-servidor\/","title":{"rendered":"Agetran refor\u00e7a transporte coletivo no feriado da Consci\u00eancia Negra e do Servidor"},"content":{"rendered":"\n<p>A Ag\u00eancia Municipal de Transporte e Tr\u00e2nsito (Agetran) informa o planejamento especial para a opera\u00e7\u00e3o do transporte coletivo nos dias 20 e 21 de novembro de 2025, feriado do Dia da Consci\u00eancia Negra (quinta-feira) e ponto facultativo do Dia do Servidor P\u00fablico, conforme Decreto n\u00ba 16.364, de 22 de agosto de 2025 (sexta-feira). Com o objetivo de oferecer um servi\u00e7o adequado, seguro e eficiente \u00e0 popula\u00e7\u00e3o, a Agetran e o Cons\u00f3rcio Guaicurus definiram ajustes operacionais espec\u00edficos para esses dias.<\/p>\n\n\n\n<p>No dia 20 de novembro, ser\u00e3o mantidos quatro ve\u00edculos reserva com tripula\u00e7\u00e3o no per\u00edodo matutino, das 5h \u00e0s 12h30, nos terminais Nova Bahia, General Os\u00f3rio, J\u00falio de Castilho, Aero Rancho, Bandeirantes, Guaicurus e Moren\u00e3o, al\u00e9m dos j\u00e1 previstos. <\/p>\n\n\n\n<p>No per\u00edodo vespertino, das 12h30 \u00e0s 19h, dois ve\u00edculos reserva com tripula\u00e7\u00e3o estar\u00e3o dispon\u00edveis nos mesmos terminais. No terminal H\u00e9rcules Maymone, ser\u00e1 mantido um ve\u00edculo reserva com tripula\u00e7\u00e3o ao longo de todo o dia, das 5h \u00e0s 19h.<\/p>\n\n\n\n<p>Para o dia 21 de novembro, as linhas 102, 109, 119, 124, 126, 317, 321, 412, 503, 601 e 602 operar\u00e3o com o plano de segunda a sexta-feira, por atenderem a f\u00e1bricas. As demais linhas seguir\u00e3o o plano de s\u00e1bado. Quanto aos ve\u00edculos reserva, quatro ser\u00e3o mantidos com tripula\u00e7\u00e3o no per\u00edodo matutino, das 5h \u00e0s 12h30, nos terminais Nova Bahia, General Os\u00f3rio, J\u00falio de Castilho, Aero Rancho, Bandeirantes, Guaicurus e Moren\u00e3o. <\/p>\n\n\n\n<p>No per\u00edodo vespertino, das 12h30 \u00e0s 19h, tr\u00eas ve\u00edculos reserva atuar\u00e3o nos mesmos locais. J\u00e1 no terminal H\u00e9rcules Maymone, dois ve\u00edculos reserva com tripula\u00e7\u00e3o estar\u00e3o dispon\u00edveis durante todo o dia, das 5h \u00e0s 19h.<\/p>\n\n\n\n<p>A Agetran informa ainda que o Cons\u00f3rcio Guaicurus acompanhar\u00e1 toda a opera\u00e7\u00e3o e, caso necess\u00e1rio ou por determina\u00e7\u00e3o da fiscaliza\u00e7\u00e3o, poder\u00e1 realizar ajustes para garantir o atendimento \u00e0 demanda. A Ag\u00eancia refor\u00e7a seu compromisso com a qualidade do servi\u00e7o e com a mobilidade urbana durante o per\u00edodo, assegurando conforto e praticidade aos passageiros.<\/p>\n\n\n\n<p><\/p>\n\n\n\n<p><em>#ParaTodosVerem A imagem de capa mostra um \u00f4nibus.<\/em><\/p>\n\n\n\n<p><\/p>\n","protected":false},"author":560,"featured_media":109268,"template":"","meta":{"custom_icon_class":"","footnotes":""},"categories":[43],"tags":[],"class_list":["post-152433","sec-noticias","type-sec-noticias","status-publish","has-post-thumbnail","hentry","category-transporte"],"acf":[],"_links":{"self":[{"href":"https:\/\/www.campogrande.ms.gov.br\/cgnoticias\/wp-json\/wp\/v2\/sec-noticias\/152433"}],"collection":[{"href":"https:\/\/www.campogrande.ms.gov.br\/cgnoticias\/wp-json\/wp\/v2\/sec-noticias"}],"about":[{"href":"https:\/\/www.campogrande.ms.gov.br\/cgnoticias\/wp-json\/wp\/v2\/types\/sec-noticias"}],"author":[{"embeddable":true,"href":"https:\/\/www.campogrande.ms.gov.br\/cgnoticias\/wp-json\/wp\/v2\/users\/560"}],"version-history":[{"count":3,"href":"https:\/\/www.campogrande.ms.gov.br\/cgnoticias\/wp-json\/wp\/v2\/sec-noticias\/152433\/revisions"}],"predecessor-version":[{"id":152453,"href":"https:\/\/www.campogrande.ms.gov.br\/cgnoticias\/wp-json\/wp\/v2\/sec-noticias\/152433\/revisions\/152453"}],"wp:featuredmedia":[{"embeddable":true,"href":"https:\/\/www.campogrande.ms.gov.br\/cgnoticias\/wp-json\/wp\/v2\/media\/109268"}],"wp:attachment":[{"href":"https:\/\/www.campogrande.ms.gov.br\/cgnoticias\/wp-json\/wp\/v2\/media?parent=152433"}],"wp:term":[{"taxonomy":"category","embeddable":true,"href":"https:\/\/www.campogrande.ms.gov.br\/cgnoticias\/wp-json\/wp\/v2\/categories?post=152433"},{"taxonomy":"post_tag","embeddable":true,"href":"https:\/\/www.campogrande.ms.gov.br\/cgnoticias\/wp-json\/wp\/v2\/tags?post=152433"}],"curies":[{"name":"wp","href":"https:\/\/api.w.org\/{rel}","templated":true}]}}