{"id":152132,"date":"2025-11-12T08:56:46","date_gmt":"2025-11-12T12:56:46","guid":{"rendered":"https:\/\/www.campogrande.ms.gov.br\/cgnoticias\/?post_type=sec-noticias&#038;p=152132"},"modified":"2025-11-12T10:57:08","modified_gmt":"2025-11-12T14:57:08","slug":"iptu-2026-pagamento-e-desconto-de-10-sao-definidos","status":"publish","type":"sec-noticias","link":"https:\/\/www.campogrande.ms.gov.br\/cgnoticias\/noticia\/iptu-2026-pagamento-e-desconto-de-10-sao-definidos\/","title":{"rendered":"IPTU 2026: pagamento e desconto de 10% s\u00e3o definidos"},"content":{"rendered":"\n<p>A Prefeitura de Campo Grande publicou, nesta quarta-feira (12), no Di\u00e1rio Oficial, o Decreto n\u00ba 16.443\/2025, que estabelece as regras para o lan\u00e7amento e pagamento do Imposto Predial e Territorial Urbano (IPTU) e da Taxa de Coleta, Remo\u00e7\u00e3o e Destina\u00e7\u00e3o de Res\u00edduos S\u00f3lidos Domiciliares referentes ao exerc\u00edcio de 2026.<\/p>\n\n\n\n<p>Segundo o decreto, o pagamento poder\u00e1 ser feito \u00e0 vista, com desconto de 10%, at\u00e9 o dia 12 de janeiro de 2026, ou parcelado em at\u00e9 12 vezes, com a primeira parcela vencendo na mesma data. O benef\u00edcio do desconto \u00e9 v\u00e1lido para contribuintes que n\u00e3o possuam d\u00e9bitos inscritos em D\u00edvida Ativa junto \u00e0 Fazenda P\u00fablica Municipal.<\/p>\n\n\n\n<p>Os carn\u00eas do IPTU ser\u00e3o confeccionados na cor branca e informar\u00e3o se o contribuinte possui ou n\u00e3o pend\u00eancias financeiras com o Munic\u00edpio. A emiss\u00e3o ser\u00e1 feita considerando a situa\u00e7\u00e3o cadastral at\u00e9 o momento da confec\u00e7\u00e3o dos documentos.<\/p>\n\n\n\n<p>Contribuintes que quitarem seus d\u00e9bitos at\u00e9 12 de janeiro de 2026 poder\u00e3o reemitir o carn\u00ea atualizado pelo site iptu.campogrande.ms.gov.br e ainda usufruir do desconto para pagamento \u00e0 vista. Caso n\u00e3o seja poss\u00edvel realizar a reemiss\u00e3o online, o documento poder\u00e1 ser solicitado presencialmente nos postos de atendimento da Secretaria Municipal da Fazenda (Sefaz).<\/p>\n\n\n\n<p>O decreto tamb\u00e9m mant\u00e9m o B\u00f4nus IPTU Azul, que concede 10% de redu\u00e7\u00e3o autom\u00e1tica no valor do imposto e da taxa aos contribuintes que cumprirem os crit\u00e9rios do programa. O desconto \u00e9 aplicado diretamente no lan\u00e7amento, podendo ser cumulativo com o abatimento para pagamento \u00e0 vista.<\/p>\n\n\n\n<p>Os valores poder\u00e3o ser parcelados conforme o montante total do tributo, respeitando o limite de at\u00e9 12 parcelas mensais, com vencimentos programados at\u00e9 dezembro de 2026. Os prazos de pagamento ser\u00e3o automaticamente prorrogados caso coincidam com feriados ou finais de semana.<\/p>\n\n\n\n<p>Contribuintes que discordarem do lan\u00e7amento poder\u00e3o apresentar impugna\u00e7\u00e3o fundamentada at\u00e9 10 de mar\u00e7o de 2026, junto \u00e0 Coordenadoria de Julgamentos e Consultas da Sefaz, seguindo as instru\u00e7\u00f5es dispon\u00edveis no site <a href=\"http:\/\/www.campogrande.ms.gov.br\/sefaz\" data-type=\"link\" data-id=\"www.campogrande.ms.gov.br\/sefaz\">www.campogrande.ms.gov.br\/sefaz<\/a>.<\/p>\n\n\n\n<p>O decreto tamb\u00e9m prev\u00ea a dispensa de cobran\u00e7a para valores iguais ou inferiores a R$ 47,12, e estabelece que pedidos de isen\u00e7\u00e3o ou renova\u00e7\u00e3o dever\u00e3o ser protocolizados at\u00e9 o \u00faltimo dia \u00fatil de dezembro de 2026.<\/p>\n\n\n\n<p><em>#ParaTodosVerem: Imagem da Central do Cidad\u00e3o com contribuintes durante atendimento. <\/em><\/p>\n\n\n\n<p><\/p>\n","protected":false},"author":669,"featured_media":152133,"template":"","meta":{"custom_icon_class":"","footnotes":""},"categories":[198],"tags":[],"class_list":["post-152132","sec-noticias","type-sec-noticias","status-publish","has-post-thumbnail","hentry","category-iptu-2026"],"acf":[],"_links":{"self":[{"href":"https:\/\/www.campogrande.ms.gov.br\/cgnoticias\/wp-json\/wp\/v2\/sec-noticias\/152132"}],"collection":[{"href":"https:\/\/www.campogrande.ms.gov.br\/cgnoticias\/wp-json\/wp\/v2\/sec-noticias"}],"about":[{"href":"https:\/\/www.campogrande.ms.gov.br\/cgnoticias\/wp-json\/wp\/v2\/types\/sec-noticias"}],"author":[{"embeddable":true,"href":"https:\/\/www.campogrande.ms.gov.br\/cgnoticias\/wp-json\/wp\/v2\/users\/669"}],"version-history":[{"count":6,"href":"https:\/\/www.campogrande.ms.gov.br\/cgnoticias\/wp-json\/wp\/v2\/sec-noticias\/152132\/revisions"}],"predecessor-version":[{"id":152155,"href":"https:\/\/www.campogrande.ms.gov.br\/cgnoticias\/wp-json\/wp\/v2\/sec-noticias\/152132\/revisions\/152155"}],"wp:featuredmedia":[{"embeddable":true,"href":"https:\/\/www.campogrande.ms.gov.br\/cgnoticias\/wp-json\/wp\/v2\/media\/152133"}],"wp:attachment":[{"href":"https:\/\/www.campogrande.ms.gov.br\/cgnoticias\/wp-json\/wp\/v2\/media?parent=152132"}],"wp:term":[{"taxonomy":"category","embeddable":true,"href":"https:\/\/www.campogrande.ms.gov.br\/cgnoticias\/wp-json\/wp\/v2\/categories?post=152132"},{"taxonomy":"post_tag","embeddable":true,"href":"https:\/\/www.campogrande.ms.gov.br\/cgnoticias\/wp-json\/wp\/v2\/tags?post=152132"}],"curies":[{"name":"wp","href":"https:\/\/api.w.org\/{rel}","templated":true}]}}