{"id":151894,"date":"2025-11-07T09:19:38","date_gmt":"2025-11-07T13:19:38","guid":{"rendered":"https:\/\/www.campogrande.ms.gov.br\/cgnoticias\/?post_type=sec-noticias&#038;p=151894"},"modified":"2025-11-07T09:22:50","modified_gmt":"2025-11-07T13:22:50","slug":"campo-grande-institui-programa-banco-vermelho-para-reforcar-combate-a-violencia-contra-a-mulher","status":"publish","type":"sec-noticias","link":"https:\/\/www.campogrande.ms.gov.br\/cgnoticias\/noticia\/campo-grande-institui-programa-banco-vermelho-para-reforcar-combate-a-violencia-contra-a-mulher\/","title":{"rendered":"Campo Grande institui Programa Banco Vermelho para refor\u00e7ar combate \u00e0 viol\u00eancia contra a mulher"},"content":{"rendered":"\n<p><em>A inten\u00e7\u00e3o \u00e9 garantir visibilidade \u00e0 campanha de conscientiza\u00e7\u00e3o e ampliar o acesso da popula\u00e7\u00e3o \u00e0s informa\u00e7\u00f5es de preven\u00e7\u00e3o e apoio \u00e0s mulheres v\u00edtimas de viol\u00eancia.<\/em><\/p>\n\n\n\n<p>A Prefeitura de Campo Grande sancionou, nesta quinta-feira (6), a Lei n\u00ba 7.515\/2025, que institui o Programa Banco Vermelho no munic\u00edpio, a lei foi publicada nesta sexta-feira (7), em Di\u00e1rio Oficial. A iniciativa estabelece a instala\u00e7\u00e3o de bancos pintados na cor vermelha em diversos espa\u00e7os p\u00fablicos, com o objetivo de refor\u00e7ar a\u00e7\u00f5es permanentes de preven\u00e7\u00e3o, conscientiza\u00e7\u00e3o e enfrentamento \u00e0 viol\u00eancia contra a mulher e ao feminic\u00eddio.<\/p>\n\n\n\n<p>Segundo a legisla\u00e7\u00e3o, os bancos poder\u00e3o seguir modelos convencionais ou vers\u00f5es ampliadas, cabendo \u00e0 administra\u00e7\u00e3o municipal definir padr\u00f5es e formatos que mantenham a identidade visual da iniciativa.<\/p>\n\n\n\n<p>Cada unidade dever\u00e1 conter, obrigatoriamente, informa\u00e7\u00f5es sobre canais de den\u00fancia e orienta\u00e7\u00f5es de acesso \u00e0 rede de prote\u00e7\u00e3o \u00e0s mulheres em situa\u00e7\u00e3o de viol\u00eancia. Tamb\u00e9m poder\u00e3o ser inclu\u00eddas mensagens educativas e de sensibiliza\u00e7\u00e3o, transformando o mobili\u00e1rio em s\u00edmbolo de alerta e mobiliza\u00e7\u00e3o social.<\/p>\n\n\n\n<p>Os equipamentos ser\u00e3o instalados em locais de grande circula\u00e7\u00e3o de pessoas, como pra\u00e7as, terminais de transporte coletivo, unidades de sa\u00fade, escolas, universidades e demais espa\u00e7os p\u00fablicos estrat\u00e9gicos. A inten\u00e7\u00e3o \u00e9 garantir visibilidade \u00e0 campanha e ampliar o acesso da popula\u00e7\u00e3o \u00e0s informa\u00e7\u00f5es de preven\u00e7\u00e3o e apoio.<\/p>\n\n\n\n<figure class=\"wp-block-image size-full\"><img fetchpriority=\"high\" decoding=\"async\" width=\"730\" height=\"425\" src=\"https:\/\/cdn.campogrande.ms.gov.br\/portal\/prod\/uploads\/sites\/3\/2023\/07\/Praca-Ary-Coelho-Foto-Kleber-Clajus-730x425-1.jpeg\" alt=\"\" class=\"wp-image-100416\" srcset=\"https:\/\/cdn.campogrande.ms.gov.br\/portal\/prod\/uploads\/sites\/3\/2023\/07\/Praca-Ary-Coelho-Foto-Kleber-Clajus-730x425-1.jpeg 730w, https:\/\/cdn.campogrande.ms.gov.br\/portal\/prod\/uploads\/sites\/3\/2023\/07\/Praca-Ary-Coelho-Foto-Kleber-Clajus-730x425-1-300x175.jpeg 300w\" sizes=\"(max-width: 730px) 100vw, 730px\" \/><\/figure>\n\n\n\n<p>A lei determina ainda que todas as despesas relacionadas \u00e0 instala\u00e7\u00e3o, manuten\u00e7\u00e3o, comunica\u00e7\u00e3o visual e divulga\u00e7\u00e3o do programa ser\u00e3o custeadas por dota\u00e7\u00f5es or\u00e7ament\u00e1rias pr\u00f3prias da Prefeitura.<\/p>\n\n\n\n<p>O Programa Banco Vermelho entra em vigor na data de sua publica\u00e7\u00e3o e passa a integrar as pol\u00edticas municipais de enfrentamento \u00e0 viol\u00eancia contra a mulher.<\/p>\n\n\n\n<p><em>#ParaTodosVerem: Imagem inicial de uma mulher sendo atendida na Casa da Mulher Brasileira e imagem da Pra\u00e7a Ary Coelho. <\/em><\/p>\n\n\n\n<p><\/p>\n","protected":false},"author":669,"featured_media":151899,"template":"","meta":{"custom_icon_class":"","footnotes":""},"categories":[60],"tags":[],"class_list":["post-151894","sec-noticias","type-sec-noticias","status-publish","has-post-thumbnail","hentry","category-direitos-humanos"],"acf":[],"_links":{"self":[{"href":"https:\/\/www.campogrande.ms.gov.br\/cgnoticias\/wp-json\/wp\/v2\/sec-noticias\/151894"}],"collection":[{"href":"https:\/\/www.campogrande.ms.gov.br\/cgnoticias\/wp-json\/wp\/v2\/sec-noticias"}],"about":[{"href":"https:\/\/www.campogrande.ms.gov.br\/cgnoticias\/wp-json\/wp\/v2\/types\/sec-noticias"}],"author":[{"embeddable":true,"href":"https:\/\/www.campogrande.ms.gov.br\/cgnoticias\/wp-json\/wp\/v2\/users\/669"}],"version-history":[{"count":3,"href":"https:\/\/www.campogrande.ms.gov.br\/cgnoticias\/wp-json\/wp\/v2\/sec-noticias\/151894\/revisions"}],"predecessor-version":[{"id":151902,"href":"https:\/\/www.campogrande.ms.gov.br\/cgnoticias\/wp-json\/wp\/v2\/sec-noticias\/151894\/revisions\/151902"}],"wp:featuredmedia":[{"embeddable":true,"href":"https:\/\/www.campogrande.ms.gov.br\/cgnoticias\/wp-json\/wp\/v2\/media\/151899"}],"wp:attachment":[{"href":"https:\/\/www.campogrande.ms.gov.br\/cgnoticias\/wp-json\/wp\/v2\/media?parent=151894"}],"wp:term":[{"taxonomy":"category","embeddable":true,"href":"https:\/\/www.campogrande.ms.gov.br\/cgnoticias\/wp-json\/wp\/v2\/categories?post=151894"},{"taxonomy":"post_tag","embeddable":true,"href":"https:\/\/www.campogrande.ms.gov.br\/cgnoticias\/wp-json\/wp\/v2\/tags?post=151894"}],"curies":[{"name":"wp","href":"https:\/\/api.w.org\/{rel}","templated":true}]}}