{"id":151388,"date":"2025-10-31T07:00:00","date_gmt":"2025-10-31T11:00:00","guid":{"rendered":"https:\/\/www.campogrande.ms.gov.br\/cgnoticias\/?post_type=sec-noticias&#038;p=151388"},"modified":"2025-10-31T09:14:06","modified_gmt":"2025-10-31T13:14:06","slug":"oficina-contos-e-cantigas-esta-com-inscricoes-abertas-na-casa-de-cultura","status":"publish","type":"sec-noticias","link":"https:\/\/www.campogrande.ms.gov.br\/cgnoticias\/noticia\/oficina-contos-e-cantigas-esta-com-inscricoes-abertas-na-casa-de-cultura\/","title":{"rendered":"Oficina \u201cContos e Cantigas\u201d est\u00e1 com inscri\u00e7\u00f5es abertas na Casa de Cultura"},"content":{"rendered":"\n<p>A Casa de Cultura, administrada pela Prefeitura Municipal de Campo Grande, ser\u00e1 palco da oficina gratuita \u201cContos e Cantigas\u201d, que une m\u00fasica, literatura e conta\u00e7\u00e3o de hist\u00f3rias. O curso acontece em novembro e est\u00e1 com inscri\u00e7\u00f5es abertas.<\/p>\n\n\n\n<p>Voltada a professores, educadores sociais, contadores de hist\u00f3rias e demais interessados, a oficina ser\u00e1 realizada nos dias 13, 20 e 27 de novembro, das 17h \u00e0s 19h, e 29 de novembro, das 9h \u00e0s 11h. As inscri\u00e7\u00f5es devem ser feitas pelo telefone (67) 99628-2337, com Anamaria Santana.<\/p>\n\n\n\n<p>A proposta \u00e9 conduzida pelas artistas Marta Cel e Concei\u00e7\u00e3o Leite, com participa\u00e7\u00e3o da pianista Maria Rita. Juntas, elas desenvolvem um trabalho que valoriza a oralidade e a for\u00e7a da m\u00fasica como ferramenta de conex\u00e3o, express\u00e3o e escuta.<\/p>\n\n\n\n<p>Durante os encontros, os participantes aprendem t\u00e9cnicas de conta\u00e7\u00e3o de hist\u00f3rias, experimentam a musicalidade na narrativa e s\u00e3o incentivados a criar hist\u00f3rias autorais. Ao final da oficina, o grupo far\u00e1 uma apresenta\u00e7\u00e3o aberta ao p\u00fablico.<\/p>\n\n\n\n<p>O projeto busca formar uma rede de narradoras e narradores que levem suas hist\u00f3rias a escolas, bibliotecas, pra\u00e7as e projetos sociais. A ideia \u00e9 resgatar a tradi\u00e7\u00e3o oral e fortalecer v\u00ednculos por meio da arte de contar.<\/p>\n\n\n\n<p>A realiza\u00e7\u00e3o \u00e9 do Instituto Curumins, com financiamento da Pol\u00edtica Nacional Aldir Blanc (PNAB), do Governo Federal, por meio do Minist\u00e9rio da Cultura, e apoio da Prefeitura Municipal de Campo Grande, por meio da Fundac (Funda\u00e7\u00e3o Municipal de Cultura).<\/p>\n\n\n\n<p><em>#ParaTodosVerem A imagem de capa mostra oficina realizada anteriormente. <\/em><\/p>\n\n\n\n<p><\/p>\n","protected":false},"author":560,"featured_media":151393,"template":"","meta":{"custom_icon_class":"","footnotes":""},"categories":[18],"tags":[],"class_list":["post-151388","sec-noticias","type-sec-noticias","status-publish","has-post-thumbnail","hentry","category-cultura"],"acf":[],"_links":{"self":[{"href":"https:\/\/www.campogrande.ms.gov.br\/cgnoticias\/wp-json\/wp\/v2\/sec-noticias\/151388"}],"collection":[{"href":"https:\/\/www.campogrande.ms.gov.br\/cgnoticias\/wp-json\/wp\/v2\/sec-noticias"}],"about":[{"href":"https:\/\/www.campogrande.ms.gov.br\/cgnoticias\/wp-json\/wp\/v2\/types\/sec-noticias"}],"author":[{"embeddable":true,"href":"https:\/\/www.campogrande.ms.gov.br\/cgnoticias\/wp-json\/wp\/v2\/users\/560"}],"version-history":[{"count":4,"href":"https:\/\/www.campogrande.ms.gov.br\/cgnoticias\/wp-json\/wp\/v2\/sec-noticias\/151388\/revisions"}],"predecessor-version":[{"id":151436,"href":"https:\/\/www.campogrande.ms.gov.br\/cgnoticias\/wp-json\/wp\/v2\/sec-noticias\/151388\/revisions\/151436"}],"wp:featuredmedia":[{"embeddable":true,"href":"https:\/\/www.campogrande.ms.gov.br\/cgnoticias\/wp-json\/wp\/v2\/media\/151393"}],"wp:attachment":[{"href":"https:\/\/www.campogrande.ms.gov.br\/cgnoticias\/wp-json\/wp\/v2\/media?parent=151388"}],"wp:term":[{"taxonomy":"category","embeddable":true,"href":"https:\/\/www.campogrande.ms.gov.br\/cgnoticias\/wp-json\/wp\/v2\/categories?post=151388"},{"taxonomy":"post_tag","embeddable":true,"href":"https:\/\/www.campogrande.ms.gov.br\/cgnoticias\/wp-json\/wp\/v2\/tags?post=151388"}],"curies":[{"name":"wp","href":"https:\/\/api.w.org\/{rel}","templated":true}]}}