{"id":148646,"date":"2025-09-23T09:27:47","date_gmt":"2025-09-23T13:27:47","guid":{"rendered":"https:\/\/www.campogrande.ms.gov.br\/cgnoticias\/?post_type=sec-noticias&#038;p=148646"},"modified":"2025-09-23T09:29:35","modified_gmt":"2025-09-23T13:29:35","slug":"parktec-cg-e-caixa-firmam-parceria-pela-inovacao","status":"publish","type":"sec-noticias","link":"https:\/\/www.campogrande.ms.gov.br\/cgnoticias\/noticia\/parktec-cg-e-caixa-firmam-parceria-pela-inovacao\/","title":{"rendered":"Parktec CG e CAIXA firmam parceria pela inova\u00e7\u00e3o"},"content":{"rendered":"\n<p>O Parktec CG e a CAIXA, atrav\u00e9s do Espa\u00e7o TEIA, assinaram um protocolo de inten\u00e7\u00f5es para promover o interc\u00e2mbio de conhecimento, experi\u00eancias e solu\u00e7\u00f5es inovadoras voltadas ao setor p\u00fablico. A parceria permitir\u00e1 acesso a solu\u00e7\u00f5es inovadoras para a gest\u00e3o p\u00fablica de Campo Grande.<\/p>\n\n\n\n<p>O acordo prev\u00ea ao munic\u00edpio a possibilidade de utiliza\u00e7\u00e3o de ambiente compartilhado no hub de inova\u00e7\u00e3o da CAIXA, o Espa\u00e7o TEIA, localizado em Bras\u00edlia (DF) e que o hub tenha acesso ao ambiente do Parktec CG. A iniciativa visa estimular a atua\u00e7\u00e3o conjunta em temas estrat\u00e9gicos como o fomento a Inova\u00e7\u00e3o P\u00fablica, conex\u00e3o dos atores do ecossistema com solu\u00e7\u00f5es de governo, por meio de eventos, desenvolvimento e aplica\u00e7\u00e3o de novas tecnologias.<\/p>\n\n\n\n<p>\u201cA assinatura deste termo com o Parque Tecnol\u00f3gico e de Inova\u00e7\u00e3o de Campo Grande, reafirma o compromisso da CEF em impulsionar a inova\u00e7\u00e3o como ferramenta de transforma\u00e7\u00e3o social e econ\u00f4mica, fortalecendo parcerias estrat\u00e9gicas e viabilizando solu\u00e7\u00f5es sustent\u00e1veis para o setor p\u00fablico\u201d, afirmou o Gerente Nacional de Inova\u00e7\u00e3o da CAIXA, Rodrigo Salgado.<\/p>\n\n\n\n<p>O protocolo estabelece atribui\u00e7\u00f5es m\u00fatuas, como a coopera\u00e7\u00e3o na identifica\u00e7\u00e3o de problemas p\u00fablicos, o fornecimento de informa\u00e7\u00f5es necess\u00e1rias para execu\u00e7\u00e3o das a\u00e7\u00f5es, e o est\u00edmulo ao interc\u00e2mbio de startups em visitas institucionais aos ambientes promotores de inova\u00e7\u00e3o.<\/p>\n\n\n\n<p>O Hub de Inova\u00e7\u00e3o conta com uma rede de aproximadamente 278 startups credenciadas, especializadas em oferecer solu\u00e7\u00f5es inovadoras para os desafios da gest\u00e3o p\u00fablica, ampliando o alcance e a efetividade das a\u00e7\u00f5es voltadas \u00e0 transforma\u00e7\u00e3o digital dos governos locais.<\/p>\n\n\n\n<p>\u201cEssa importante parceria permitir\u00e1 que a Prefeitura Municipal de Campo Grande possa encontrar solu\u00e7\u00f5es novas para problemas antigos da gest\u00e3o p\u00fablica, buscando reduzir custos, tempo e trazendo inova\u00e7\u00e3o para os processos\u201d, afirma a Diretora Executiva do Parktec CG, Adriana Tozzetti.<\/p>\n\n\n\n<p>Espa\u00e7o TEIA &#8211; o primeiro hub de inova\u00e7\u00e3o aberto pela CAIXA, est\u00e1 localizado no centro de Bras\u00edlia (DF). O ambiente, que j\u00e1 recebeu mais de 15 mil visitantes em diversos eventos e capacita\u00e7\u00f5es, possui espa\u00e7o f\u00edsico amplo, com capacidade para receber as startups, al\u00e9m de possuir salas de reuni\u00e3o, est\u00fadio audiovisual, espa\u00e7o de palestras e de descompress\u00e3o.&nbsp; Al\u00e9m do ambiente f\u00edsico, o hub de inova\u00e7\u00e3o tem uma plataforma digital de comunica\u00e7\u00e3o, capacita\u00e7\u00e3o, intelig\u00eancia e conex\u00e3o.<\/p>\n\n\n\n<p>Atualmente, o local conta com a presen\u00e7a de mais de 30 startups residentes, que atuam em diferentes segmentos e desenvolvem solu\u00e7\u00f5es inovadoras para desafios do setor p\u00fablico e privado.<\/p>\n\n\n\n<p>Parktec CG &#8211; O Parque Tecnol\u00f3gico e de Inova\u00e7\u00e3o \u00e9 uma pol\u00edtica p\u00fablica da Prefeitura de Campo Grande, capital do Mato Grosso do Sul, que conecta poder p\u00fablico, universidades, setor produtivo e sociedade civil para impulsionar projetos de base tecnol\u00f3gica e solu\u00e7\u00f5es inovadoras.<\/p>\n\n\n\n<p>O Parque, que completou dois anos de atividades, tem o apoio da Finep \u2013 Financiadora de Estudos e Projetos, via Minist\u00e9rio da Ci\u00eancia, Tecnologia e Inova\u00e7\u00e3o e conta com consultoria de implanta\u00e7\u00e3o do Parque de Inova\u00e7\u00e3o e Tecnologia (PIT) de S\u00e3o Jos\u00e9 dos Campos.<\/p>\n\n\n\n<p>O ambiente conta com espa\u00e7o para startups, audit\u00f3rio, sala de reuni\u00f5es e abriga o primeiro est\u00fadio p\u00fablico de grava\u00e7\u00e3o de podcasts do estado. Dez startups s\u00e3o residentes e recebem mentorias, capacita\u00e7\u00f5es e oportunidades de se conectarem a universidades, institui\u00e7\u00f5es, poder p\u00fablico e grandes empresas.<\/p>\n","protected":false},"author":310,"featured_media":148647,"template":"","meta":{"custom_icon_class":"","footnotes":""},"categories":[26],"tags":[],"class_list":["post-148646","sec-noticias","type-sec-noticias","status-publish","has-post-thumbnail","hentry","category-tecnologia"],"acf":[],"_links":{"self":[{"href":"https:\/\/www.campogrande.ms.gov.br\/cgnoticias\/wp-json\/wp\/v2\/sec-noticias\/148646"}],"collection":[{"href":"https:\/\/www.campogrande.ms.gov.br\/cgnoticias\/wp-json\/wp\/v2\/sec-noticias"}],"about":[{"href":"https:\/\/www.campogrande.ms.gov.br\/cgnoticias\/wp-json\/wp\/v2\/types\/sec-noticias"}],"author":[{"embeddable":true,"href":"https:\/\/www.campogrande.ms.gov.br\/cgnoticias\/wp-json\/wp\/v2\/users\/310"}],"version-history":[{"count":3,"href":"https:\/\/www.campogrande.ms.gov.br\/cgnoticias\/wp-json\/wp\/v2\/sec-noticias\/148646\/revisions"}],"predecessor-version":[{"id":148650,"href":"https:\/\/www.campogrande.ms.gov.br\/cgnoticias\/wp-json\/wp\/v2\/sec-noticias\/148646\/revisions\/148650"}],"wp:featuredmedia":[{"embeddable":true,"href":"https:\/\/www.campogrande.ms.gov.br\/cgnoticias\/wp-json\/wp\/v2\/media\/148647"}],"wp:attachment":[{"href":"https:\/\/www.campogrande.ms.gov.br\/cgnoticias\/wp-json\/wp\/v2\/media?parent=148646"}],"wp:term":[{"taxonomy":"category","embeddable":true,"href":"https:\/\/www.campogrande.ms.gov.br\/cgnoticias\/wp-json\/wp\/v2\/categories?post=148646"},{"taxonomy":"post_tag","embeddable":true,"href":"https:\/\/www.campogrande.ms.gov.br\/cgnoticias\/wp-json\/wp\/v2\/tags?post=148646"}],"curies":[{"name":"wp","href":"https:\/\/api.w.org\/{rel}","templated":true}]}}