{"id":147660,"date":"2025-09-04T08:30:00","date_gmt":"2025-09-04T12:30:00","guid":{"rendered":"https:\/\/www.campogrande.ms.gov.br\/cgnoticias\/?post_type=sec-noticias&#038;p=147660"},"modified":"2025-09-04T10:26:05","modified_gmt":"2025-09-04T14:26:05","slug":"sesau-e-mpms-lancam-campanha-de-combate-a-violencia-infantil-em-campo-grande","status":"publish","type":"sec-noticias","link":"https:\/\/www.campogrande.ms.gov.br\/cgnoticias\/noticia\/sesau-e-mpms-lancam-campanha-de-combate-a-violencia-infantil-em-campo-grande\/","title":{"rendered":"SESAU e MPMS lan\u00e7am Campanha de Combate \u00e0 Viol\u00eancia Infantil"},"content":{"rendered":"\n<p>O Minist\u00e9rio P\u00fablico de Mato Grosso do Sul (MPMS), em parceria com a Secretaria Municipal de Sa\u00fade (SESAU), lan\u00e7ou nesta quarta-feira (3), em Campo Grande, a Campanha de Combate \u00e0 Viol\u00eancia Infantil, refor\u00e7ando o compromisso permanente com a prote\u00e7\u00e3o, o acolhimento e os direitos das crian\u00e7as.<\/p>\n\n\n\n<p>A iniciativa vai al\u00e9m de uma a\u00e7\u00e3o pontual: busca construir uma rede de preven\u00e7\u00e3o e enfrentamento \u00e0 viol\u00eancia infantil, envolvendo \u00f3rg\u00e3os p\u00fablicos, entidades e a sociedade civil. Todas as unidades de sa\u00fade da cidade ser\u00e3o parceiras da campanha, recebendo cartazes e informativos para conscientizar a popula\u00e7\u00e3o e apoiar os profissionais da rede.<\/p>\n\n\n\n<p>Durante o evento, o promotor de Justi\u00e7a Oscar de Almeida Bessa Filho, da 46\u00aa Promotoria de Justi\u00e7a, destacou a import\u00e2ncia da detec\u00e7\u00e3o precoce de sinais de viol\u00eancia no contexto da sa\u00fade. \u201cO enfrentamento da viol\u00eancia contra a crian\u00e7a \u00e9, sem d\u00favida, um dos maiores desafios da nossa sociedade. \u00c9 urgente fortalecer pol\u00edticas p\u00fablicas e servi\u00e7os que amparem fam\u00edlias em situa\u00e7\u00e3o de vulnerabilidade e garantir que os direitos das crian\u00e7as sejam protegidos em todas as frentes: sa\u00fade, assist\u00eancia social e educa\u00e7\u00e3o\u201d.<\/p>\n\n\n\n<p>O m\u00e9dico pediatra e diretor cl\u00ednico do Pronto Atendimento Infantil (PAI), Marcos Vin\u00edcius, presente na abertura da campanha, refor\u00e7ou a relev\u00e2ncia do tema. \u201cEstamos aqui para discutir viol\u00eancia infantil e pensar em formas de abordar o tema de maneira clara, contribuindo com a sociedade e fortalecendo a rede de prote\u00e7\u00e3o \u00e0s crian\u00e7as\u201d.<\/p>\n\n\n\n<figure class=\"wp-block-image size-large\"><img fetchpriority=\"high\" decoding=\"async\" width=\"1024\" height=\"682\" src=\"https:\/\/cdn.campogrande.ms.gov.br\/portal\/prod\/uploads\/sites\/3\/2025\/09\/1000794001-1024x682.jpg\" alt=\"\" class=\"wp-image-147662\" srcset=\"https:\/\/cdn.campogrande.ms.gov.br\/portal\/prod\/uploads\/sites\/3\/2025\/09\/1000794001-1024x682.jpg 1024w, https:\/\/cdn.campogrande.ms.gov.br\/portal\/prod\/uploads\/sites\/3\/2025\/09\/1000794001-300x200.jpg 300w, https:\/\/cdn.campogrande.ms.gov.br\/portal\/prod\/uploads\/sites\/3\/2025\/09\/1000794001-768x512.jpg 768w, https:\/\/cdn.campogrande.ms.gov.br\/portal\/prod\/uploads\/sites\/3\/2025\/09\/1000794001-1536x1024.jpg 1536w, https:\/\/cdn.campogrande.ms.gov.br\/portal\/prod\/uploads\/sites\/3\/2025\/09\/1000794001-2048x1365.jpg 2048w\" sizes=\"(max-width: 1024px) 100vw, 1024px\" \/><\/figure>\n\n\n\n<p>A campanha tamb\u00e9m teve como foco sensibilizar os profissionais de sa\u00fade, para que estejam atentos a sinais de viol\u00eancia infantil e saibam identificar e denunciar casos quando se depararem com eles nas unidades de sa\u00fade.<\/p>\n\n\n\n<p>A secret\u00e1ria municipal de Sa\u00fade, Rosana Leite, que participou do lan\u00e7amento a convite do MPMS, ressaltou a import\u00e2ncia da parceria. \u201c\u00c9 fundamental chamar a aten\u00e7\u00e3o de todos que lidam com crian\u00e7as \u2014 familiares, amigos, escolas e profissionais de sa\u00fade \u2014, porque infelizmente a viol\u00eancia infantil tem crescido. Precisamos estar atentos, pois as crian\u00e7as s\u00e3o o nosso futuro\u201d.<\/p>\n\n\n\n<p>A iniciativa refor\u00e7a que a prote\u00e7\u00e3o come\u00e7a com a den\u00fancia. Em casos de suspeita ou confirma\u00e7\u00e3o de viol\u00eancia, a popula\u00e7\u00e3o pode acionar as autoridades competentes e o Disque 100.<\/p>\n\n\n\n<p>Com a campanha, MPMS e SESAU refor\u00e7am que, por meio da uni\u00e3o de esfor\u00e7os, \u00e9 poss\u00edvel transformar cuidado em a\u00e7\u00e3o e construir um futuro mais seguro para as crian\u00e7as de Campo Grande e de todo o estado.<\/p>\n","protected":false},"author":363,"featured_media":147661,"template":"","meta":{"custom_icon_class":"","footnotes":""},"categories":[1],"tags":[],"class_list":["post-147660","sec-noticias","type-sec-noticias","status-publish","has-post-thumbnail","hentry","category-sem-categoria"],"acf":[],"_links":{"self":[{"href":"https:\/\/www.campogrande.ms.gov.br\/cgnoticias\/wp-json\/wp\/v2\/sec-noticias\/147660"}],"collection":[{"href":"https:\/\/www.campogrande.ms.gov.br\/cgnoticias\/wp-json\/wp\/v2\/sec-noticias"}],"about":[{"href":"https:\/\/www.campogrande.ms.gov.br\/cgnoticias\/wp-json\/wp\/v2\/types\/sec-noticias"}],"author":[{"embeddable":true,"href":"https:\/\/www.campogrande.ms.gov.br\/cgnoticias\/wp-json\/wp\/v2\/users\/363"}],"version-history":[{"count":4,"href":"https:\/\/www.campogrande.ms.gov.br\/cgnoticias\/wp-json\/wp\/v2\/sec-noticias\/147660\/revisions"}],"predecessor-version":[{"id":147701,"href":"https:\/\/www.campogrande.ms.gov.br\/cgnoticias\/wp-json\/wp\/v2\/sec-noticias\/147660\/revisions\/147701"}],"wp:featuredmedia":[{"embeddable":true,"href":"https:\/\/www.campogrande.ms.gov.br\/cgnoticias\/wp-json\/wp\/v2\/media\/147661"}],"wp:attachment":[{"href":"https:\/\/www.campogrande.ms.gov.br\/cgnoticias\/wp-json\/wp\/v2\/media?parent=147660"}],"wp:term":[{"taxonomy":"category","embeddable":true,"href":"https:\/\/www.campogrande.ms.gov.br\/cgnoticias\/wp-json\/wp\/v2\/categories?post=147660"},{"taxonomy":"post_tag","embeddable":true,"href":"https:\/\/www.campogrande.ms.gov.br\/cgnoticias\/wp-json\/wp\/v2\/tags?post=147660"}],"curies":[{"name":"wp","href":"https:\/\/api.w.org\/{rel}","templated":true}]}}