{"id":147203,"date":"2025-08-29T10:04:58","date_gmt":"2025-08-29T14:04:58","guid":{"rendered":"https:\/\/www.campogrande.ms.gov.br\/cgnoticias\/?post_type=sec-noticias&#038;p=147203"},"modified":"2025-08-29T15:01:11","modified_gmt":"2025-08-29T19:01:11","slug":"prefeitura-recebe-selo-de-merito-2025-por-vila-dos-idosos-e-homex","status":"publish","type":"sec-noticias","link":"https:\/\/www.campogrande.ms.gov.br\/cgnoticias\/noticia\/prefeitura-recebe-selo-de-merito-2025-por-vila-dos-idosos-e-homex\/","title":{"rendered":"Prefeitura recebe Selo de M\u00e9rito 2025 por Vila dos Idosos e Homex"},"content":{"rendered":"\n<p>A Prefeitura de Campo Grande foi duplamente reconhecida com o Selo de M\u00e9rito 2025, nas categorias Atendimento Habitacional de Grupos Sociais com Necessidades Espec\u00edficas e Regulariza\u00e7\u00e3o Fundi\u00e1ria e Edil\u00edcia. A honraria, considerada uma das mais importantes do pa\u00eds na \u00e1rea de habita\u00e7\u00e3o, ser\u00e1 entregue durante o 72\u00ba F\u00f3rum Nacional de Habita\u00e7\u00e3o de Interesse Social (FNHIS), que acontece no dia 19 de setembro de 2025, em Jo\u00e3o Pessoa (PB).<\/p>\n\n\n\n<p>A Prefeitura foi vencedora com projetos coordenados pela Ag\u00eancia Municipal de Habita\u00e7\u00e3o e Assuntos Fundi\u00e1rios. Entre eles, o Condom\u00ednio Vila da Melhor Idade, primeiro empreendimento de Campo Grande constru\u00eddo no modelo de loca\u00e7\u00e3o social voltado \u00e0 popula\u00e7\u00e3o idosa de baixa renda, e a regulariza\u00e7\u00e3o fundi\u00e1ria da Comunidade Homex, considerada a maior j\u00e1 realizada em Mato Grosso do Sul, que garantiu seguran\u00e7a jur\u00eddica e dignidade a mais de 1,3 mil fam\u00edlias da Capital. Com essas iniciativas, a Emha \u00e9 premiada pelo quinto ano consecutivo, reafirmando sua refer\u00eancia em habita\u00e7\u00e3o de interesse social.<\/p>\n\n\n\n<p>O Selo de M\u00e9rito ABC\/FNSHDU \u00e9 concedido anualmente pela Associa\u00e7\u00e3o Brasileira de Cohabs e Agentes P\u00fablicos de Habita\u00e7\u00e3o (ABC) e pelo F\u00f3rum Nacional de Secret\u00e1rios de Habita\u00e7\u00e3o e Desenvolvimento Urbano (FNSHDU). O objetivo \u00e9 reconhecer e divulgar projetos habitacionais de interesse social que contribuam para enfrentar problemas hist\u00f3ricos como a irregularidade fundi\u00e1ria, o d\u00e9ficit habitacional e a falta de infraestrutura.<\/p>\n\n\n\n<p>\u201cEsse reconhecimento nacional mostra que estamos transformando vidas com pol\u00edticas p\u00fablicas que d\u00e3o dignidade \u00e0s pessoas. A Vila da Melhor Idade \u00e9 um marco, porque assegura um lar digno para quem dedicou a vida inteira \u00e0 nossa cidade. E a regulariza\u00e7\u00e3o da Homex levou justi\u00e7a e seguran\u00e7a jur\u00eddica a milhares de fam\u00edlias que conquistaram o direito de ter sua casa reconhecida legalmente. Sermos premiados pela quinta vez comprova que Campo Grande \u00e9 hoje refer\u00eancia em habita\u00e7\u00e3o de interesse social no Brasil\u201d, destaca a prefeita Adriane Lopes.<\/p>\n\n\n\n<figure class=\"wp-block-image size-large\"><img fetchpriority=\"high\" decoding=\"async\" width=\"1024\" height=\"768\" src=\"https:\/\/cdn.campogrande.ms.gov.br\/portal\/prod\/uploads\/sites\/3\/2025\/08\/WhatsApp-Image-2024-06-23-at-14.21.38-1024x768.jpeg\" alt=\"\" class=\"wp-image-147206\" srcset=\"https:\/\/cdn.campogrande.ms.gov.br\/portal\/prod\/uploads\/sites\/3\/2025\/08\/WhatsApp-Image-2024-06-23-at-14.21.38-1024x768.jpeg 1024w, https:\/\/cdn.campogrande.ms.gov.br\/portal\/prod\/uploads\/sites\/3\/2025\/08\/WhatsApp-Image-2024-06-23-at-14.21.38-300x225.jpeg 300w, https:\/\/cdn.campogrande.ms.gov.br\/portal\/prod\/uploads\/sites\/3\/2025\/08\/WhatsApp-Image-2024-06-23-at-14.21.38-768x576.jpeg 768w, https:\/\/cdn.campogrande.ms.gov.br\/portal\/prod\/uploads\/sites\/3\/2025\/08\/WhatsApp-Image-2024-06-23-at-14.21.38-1536x1152.jpeg 1536w, https:\/\/cdn.campogrande.ms.gov.br\/portal\/prod\/uploads\/sites\/3\/2025\/08\/WhatsApp-Image-2024-06-23-at-14.21.38.jpeg 1600w\" sizes=\"(max-width: 1024px) 100vw, 1024px\" \/><\/figure>\n\n\n\n<p>Para o diretor-presidente da Emha, Cl\u00e1udio Marques, receber o Selo de M\u00e9rito 2025 refor\u00e7a a relev\u00e2ncia das a\u00e7\u00f5es desenvolvidas em prol da habita\u00e7\u00e3o de interesse social no munic\u00edpio. \u201cEsse reconhecimento comprova que Campo Grande est\u00e1 no caminho certo. A Vila da Melhor Idade e a regulariza\u00e7\u00e3o da Homex s\u00e3o projetos que garantem mais dignidade e qualidade de vida para as fam\u00edlias. Essa conquista \u00e9 fruto do trabalho da nossa equipe, mas tamb\u00e9m das fam\u00edlias que j\u00e1 vivenciam as melhorias da regulariza\u00e7\u00e3o e das que ser\u00e3o beneficiadas com moradias na Vila da Melhor Idade\u201d, destacou.<\/p>\n\n\n\n<p><strong>Inova\u00e7\u00e3o e dignidade para os idosos<\/strong><\/p>\n\n\n\n<p>O Condom\u00ednio Vila da Melhor Idade, localizado na Avenida F\u00e1bio Zahran, na Vila Carvalho, \u00e9 pioneiro em Campo Grande ao adotar o modelo de loca\u00e7\u00e3o social. S\u00e3o 40 apartamentos adaptados \u00e0s normas de acessibilidade, voltados para idosos de baixa renda, com pre\u00e7os subsidiados.<\/p>\n\n\n\n<p>O empreendimento foi planejado para oferecer seguran\u00e7a, inclus\u00e3o e qualidade de vida, contando com \u00e1reas de conviv\u00eancia, sal\u00e3o multiuso, capela, elevador, corredores amplos e sal\u00f5es comerciais que auxiliam na manuten\u00e7\u00e3o do condom\u00ednio. O projeto tamb\u00e9m recebeu suporte internacional do Banco Interamericano de Desenvolvimento (BID), refor\u00e7ando sua relev\u00e2ncia e inova\u00e7\u00e3o.<\/p>\n\n\n\n<p><strong>Um marco na regulariza\u00e7\u00e3o fundi\u00e1ria&nbsp;<\/strong><\/p>\n\n\n\n<p>Outro projeto reconhecido foi a regulariza\u00e7\u00e3o fundi\u00e1ria da Comunidade Homex, uma das ocupa\u00e7\u00f5es mais antigas e simb\u00f3licas de Campo Grande. Ap\u00f3s quase uma d\u00e9cada de luta, a comunidade, localizada no parcelamento Varandas do Campo II, no Bairro Centro-Oeste, Regi\u00e3o Urbana do Anhanduizinho, teve seus im\u00f3veis regularizados, beneficiando mais de 4 mil pessoas.<\/p>\n\n\n\n<figure class=\"wp-block-image size-large\"><img decoding=\"async\" width=\"1024\" height=\"682\" src=\"https:\/\/cdn.campogrande.ms.gov.br\/portal\/prod\/uploads\/sites\/3\/2025\/08\/WhatsApp-Image-2025-05-21-at-22.13.44-1536x1023-1-1024x682.jpeg\" alt=\"\" class=\"wp-image-147207\" srcset=\"https:\/\/cdn.campogrande.ms.gov.br\/portal\/prod\/uploads\/sites\/3\/2025\/08\/WhatsApp-Image-2025-05-21-at-22.13.44-1536x1023-1-1024x682.jpeg 1024w, https:\/\/cdn.campogrande.ms.gov.br\/portal\/prod\/uploads\/sites\/3\/2025\/08\/WhatsApp-Image-2025-05-21-at-22.13.44-1536x1023-1-300x200.jpeg 300w, https:\/\/cdn.campogrande.ms.gov.br\/portal\/prod\/uploads\/sites\/3\/2025\/08\/WhatsApp-Image-2025-05-21-at-22.13.44-1536x1023-1-768x512.jpeg 768w, https:\/\/cdn.campogrande.ms.gov.br\/portal\/prod\/uploads\/sites\/3\/2025\/08\/WhatsApp-Image-2025-05-21-at-22.13.44-1536x1023-1.jpeg 1536w\" sizes=\"(max-width: 1024px) 100vw, 1024px\" \/><\/figure>\n\n\n\n<p>A Emha conduziu todo o processo, desde o cadastramento e selagem das moradias at\u00e9 estudos t\u00e9cnicos de georreferenciamento, topografia e documenta\u00e7\u00e3o. A regulariza\u00e7\u00e3o possibilitou que os moradores passassem a contar com infraestrutura b\u00e1sica como energia el\u00e9trica regular e o abastecimento de \u00e1gua tratada, promovendo cidadania e dignidade.<\/p>\n\n\n\n<p><strong>Hist\u00f3rico vencedor<\/strong><\/p>\n\n\n\n<p>Nos \u00faltimos anos, a Prefeitura vem acumulando reconhecimentos nacionais por seus programas e projetos habitacionais. Em 2021, recebeu o Selo de M\u00e9rito pelo projeto-piloto no Parque dos Sabi\u00e1s; em 2022, venceu pelo reassentamento da Comunidade Ind\u00edgena Estrela da Manh\u00e3, o microcr\u00e9dito inovador Credihabita e mais de 5 mil regulariza\u00e7\u00f5es pela iniciativa Regulariza Campo Grande; em 2023, foi premiada pelo Recome\u00e7ar Moradia; e em 2024, pelo reassentamento das 181 fam\u00edlias da Comunidade Mandela.<\/p>\n\n\n\n<figure class=\"wp-block-image size-large\"><img decoding=\"async\" width=\"1024\" height=\"682\" src=\"https:\/\/cdn.campogrande.ms.gov.br\/portal\/prod\/uploads\/sites\/3\/2025\/08\/ENTREGAS-DE-CONTRATOS-HOMEX_PREFCG_EMHA_ELIAS-CAMPOS-6-1536x1023-1-1024x682.jpeg\" alt=\"\" class=\"wp-image-147208\" srcset=\"https:\/\/cdn.campogrande.ms.gov.br\/portal\/prod\/uploads\/sites\/3\/2025\/08\/ENTREGAS-DE-CONTRATOS-HOMEX_PREFCG_EMHA_ELIAS-CAMPOS-6-1536x1023-1-1024x682.jpeg 1024w, https:\/\/cdn.campogrande.ms.gov.br\/portal\/prod\/uploads\/sites\/3\/2025\/08\/ENTREGAS-DE-CONTRATOS-HOMEX_PREFCG_EMHA_ELIAS-CAMPOS-6-1536x1023-1-300x200.jpeg 300w, https:\/\/cdn.campogrande.ms.gov.br\/portal\/prod\/uploads\/sites\/3\/2025\/08\/ENTREGAS-DE-CONTRATOS-HOMEX_PREFCG_EMHA_ELIAS-CAMPOS-6-1536x1023-1-768x512.jpeg 768w, https:\/\/cdn.campogrande.ms.gov.br\/portal\/prod\/uploads\/sites\/3\/2025\/08\/ENTREGAS-DE-CONTRATOS-HOMEX_PREFCG_EMHA_ELIAS-CAMPOS-6-1536x1023-1.jpeg 1536w\" sizes=\"(max-width: 1024px) 100vw, 1024px\" \/><\/figure>\n\n\n\n<p>Com esse hist\u00f3rico vencedor, a habita\u00e7\u00e3o de interesse social de Campo Grande se consolida como refer\u00eancia nacional em solu\u00e7\u00f5es habitacionais que aliam justi\u00e7a social, inova\u00e7\u00e3o e respeito \u00e0 dignidade humana. Demonstrando que \u00e9 poss\u00edvel transformar pol\u00edticas p\u00fablicas em resultados concretos, capazes de mudar a realidade de milhares de fam\u00edlias e projetar a Capital como exemplo para todo o pa\u00eds.<\/p>\n","protected":false},"author":310,"featured_media":147281,"template":"","meta":{"custom_icon_class":"","footnotes":""},"categories":[59],"tags":[],"class_list":["post-147203","sec-noticias","type-sec-noticias","status-publish","has-post-thumbnail","hentry","category-habitacao"],"acf":[],"_links":{"self":[{"href":"https:\/\/www.campogrande.ms.gov.br\/cgnoticias\/wp-json\/wp\/v2\/sec-noticias\/147203"}],"collection":[{"href":"https:\/\/www.campogrande.ms.gov.br\/cgnoticias\/wp-json\/wp\/v2\/sec-noticias"}],"about":[{"href":"https:\/\/www.campogrande.ms.gov.br\/cgnoticias\/wp-json\/wp\/v2\/types\/sec-noticias"}],"author":[{"embeddable":true,"href":"https:\/\/www.campogrande.ms.gov.br\/cgnoticias\/wp-json\/wp\/v2\/users\/310"}],"version-history":[{"count":10,"href":"https:\/\/www.campogrande.ms.gov.br\/cgnoticias\/wp-json\/wp\/v2\/sec-noticias\/147203\/revisions"}],"predecessor-version":[{"id":147351,"href":"https:\/\/www.campogrande.ms.gov.br\/cgnoticias\/wp-json\/wp\/v2\/sec-noticias\/147203\/revisions\/147351"}],"wp:featuredmedia":[{"embeddable":true,"href":"https:\/\/www.campogrande.ms.gov.br\/cgnoticias\/wp-json\/wp\/v2\/media\/147281"}],"wp:attachment":[{"href":"https:\/\/www.campogrande.ms.gov.br\/cgnoticias\/wp-json\/wp\/v2\/media?parent=147203"}],"wp:term":[{"taxonomy":"category","embeddable":true,"href":"https:\/\/www.campogrande.ms.gov.br\/cgnoticias\/wp-json\/wp\/v2\/categories?post=147203"},{"taxonomy":"post_tag","embeddable":true,"href":"https:\/\/www.campogrande.ms.gov.br\/cgnoticias\/wp-json\/wp\/v2\/tags?post=147203"}],"curies":[{"name":"wp","href":"https:\/\/api.w.org\/{rel}","templated":true}]}}