{"id":140852,"date":"2025-05-30T12:30:58","date_gmt":"2025-05-30T16:30:58","guid":{"rendered":"https:\/\/www.campogrande.ms.gov.br\/cgnoticias\/?post_type=sec-noticias&#038;p=140852"},"modified":"2025-05-30T12:36:39","modified_gmt":"2025-05-30T16:36:39","slug":"palestra-orienta-sobre-formas-de-proteger-criancas-indigenas-com-respeito-as-tradicoes","status":"publish","type":"sec-noticias","link":"https:\/\/www.campogrande.ms.gov.br\/cgnoticias\/noticia\/palestra-orienta-sobre-formas-de-proteger-criancas-indigenas-com-respeito-as-tradicoes\/","title":{"rendered":"Palestra orienta sobre formas de proteger crian\u00e7as ind\u00edgenas com respeito \u00e0s tradi\u00e7\u00f5es"},"content":{"rendered":"\n<p>O respeito \u00e0s tradi\u00e7\u00f5es e \u00e0s formas de comunica\u00e7\u00e3o caracter\u00edsticas da cultura dos povos origin\u00e1rios \u00e9 o ponto focal do livro \u00d1ande Rete, \u00d1ande R\u00f3ga \u2013 Estrelas na Cabana. A obra, voltada ao p\u00fablico infantil ind\u00edgena, foi escrita pela psic\u00f3loga e autora Viviane Vaz e busca conscientizar sobre a preven\u00e7\u00e3o ao abuso e \u00e0 explora\u00e7\u00e3o sexual de crian\u00e7as e adolescentes.<\/p>\n\n\n\n<p>Lan\u00e7ado em abril deste ano, o livro \u00e9 escrito em portugu\u00eas e Guarani-Kaiow\u00e1, com tradu\u00e7\u00e3o de Uilian Sanches Martins Benites, e tem se tornado uma refer\u00eancia sobre o tema na rede p\u00fablica de educa\u00e7\u00e3o. Por essa raz\u00e3o, a publica\u00e7\u00e3o acabou sendo transformada em uma palestra ministrada pela autora como parte do encerramento das a\u00e7\u00f5es do Maio Laranja, promovidas pela Secretaria Municipal de Assist\u00eancia Social e Cidadania (SAS), por meio da Superintend\u00eancia de Defesa de Pol\u00edticas dos Direitos Humanos.<\/p>\n\n\n\n<figure class=\"wp-block-image size-large\"><img fetchpriority=\"high\" decoding=\"async\" width=\"1024\" height=\"571\" src=\"https:\/\/cdn.campogrande.ms.gov.br\/portal\/prod\/uploads\/sites\/3\/2025\/05\/image-3-1024x571.png\" alt=\"\" class=\"wp-image-140854\" srcset=\"https:\/\/cdn.campogrande.ms.gov.br\/portal\/prod\/uploads\/sites\/3\/2025\/05\/image-3-1024x571.png 1024w, https:\/\/cdn.campogrande.ms.gov.br\/portal\/prod\/uploads\/sites\/3\/2025\/05\/image-3-300x167.png 300w, https:\/\/cdn.campogrande.ms.gov.br\/portal\/prod\/uploads\/sites\/3\/2025\/05\/image-3-768x428.png 768w, https:\/\/cdn.campogrande.ms.gov.br\/portal\/prod\/uploads\/sites\/3\/2025\/05\/image-3-356x200.png 356w, https:\/\/cdn.campogrande.ms.gov.br\/portal\/prod\/uploads\/sites\/3\/2025\/05\/image-3.png 1260w\" sizes=\"(max-width: 1024px) 100vw, 1024px\" \/><\/figure>\n\n\n\n<p>A palestra foi realizada no audit\u00f3rio do Instituto Municipal de Previd\u00eancia de Campo Grande (IMPCG) e contou com a presen\u00e7a da secret\u00e1ria Camilla Nascimento, de lideran\u00e7as ind\u00edgenas, autoridades da gest\u00e3o municipal e representantes do Poder Judici\u00e1rio. O foco do evento foi discutir a prote\u00e7\u00e3o de crian\u00e7as ind\u00edgenas, refor\u00e7ando a necessidade de pol\u00edticas p\u00fablicas espec\u00edficas para esse p\u00fablico.<\/p>\n\n\n\n<p>A atividade teve car\u00e1ter intergeracional, reunindo pais, m\u00e3es, lideran\u00e7as e crian\u00e7as das comunidades ind\u00edgenas urbanas. O objetivo foi promover o di\u00e1logo, fortalecer os v\u00ednculos familiares e utilizar a conviv\u00eancia como ferramenta de prote\u00e7\u00e3o contra abusos.<\/p>\n\n\n\n<p>Segundo a autora, ao dialogar com crian\u00e7as ind\u00edgenas, \u00e9 essencial respeitar suas tradi\u00e7\u00f5es e modos pr\u00f3prios de comunica\u00e7\u00e3o, evitando imposi\u00e7\u00f5es. Considerando a timidez e o comportamento mais introspectivo presentes em muitas dessas crian\u00e7as, Viviane refor\u00e7a que o di\u00e1logo deve ser conduzido com cuidado, promovendo autonomia e empoderamento para que reconhe\u00e7am situa\u00e7\u00f5es de risco e saibam como buscar ajuda \u2014 sempre levando em conta o contexto cultural.<\/p>\n\n\n\n<p>Durante a palestra, a psic\u00f3loga promoveu atividades l\u00fadicas relacionadas ao tema, com a participa\u00e7\u00e3o ativa das crian\u00e7as ind\u00edgenas presentes, tornando o momento de conscientiza\u00e7\u00e3o ainda mais significativo.A secret\u00e1ria Camilla Nascimento chamou a aten\u00e7\u00e3o para os canais de den\u00fancia, com \u00eanfase no Disque 100. \u201c\u00c9 um n\u00famero muito f\u00e1cil de decorar, passem \u00e0 frente esse n\u00famero porque ele salva nossas crian\u00e7as, \u00e9 por isso que eu pe\u00e7o a voc\u00eas cada vez mais aten\u00e7\u00e3o dentro das nossas casas, a cada olhar das nossas crian\u00e7as\u201d, disse.<\/p>\n\n\n\n<figure class=\"wp-block-image size-large\"><img decoding=\"async\" width=\"1024\" height=\"576\" src=\"https:\/\/cdn.campogrande.ms.gov.br\/portal\/prod\/uploads\/sites\/3\/2025\/05\/PALESTRA-COM-CRIANCAS-INDIGENAS_SAS-PREFCG-9-1024x576.jpeg\" alt=\"\" class=\"wp-image-140865\" srcset=\"https:\/\/cdn.campogrande.ms.gov.br\/portal\/prod\/uploads\/sites\/3\/2025\/05\/PALESTRA-COM-CRIANCAS-INDIGENAS_SAS-PREFCG-9-1024x576.jpeg 1024w, https:\/\/cdn.campogrande.ms.gov.br\/portal\/prod\/uploads\/sites\/3\/2025\/05\/PALESTRA-COM-CRIANCAS-INDIGENAS_SAS-PREFCG-9-300x169.jpeg 300w, https:\/\/cdn.campogrande.ms.gov.br\/portal\/prod\/uploads\/sites\/3\/2025\/05\/PALESTRA-COM-CRIANCAS-INDIGENAS_SAS-PREFCG-9-768x432.jpeg 768w, https:\/\/cdn.campogrande.ms.gov.br\/portal\/prod\/uploads\/sites\/3\/2025\/05\/PALESTRA-COM-CRIANCAS-INDIGENAS_SAS-PREFCG-9-890x500.jpeg 890w, https:\/\/cdn.campogrande.ms.gov.br\/portal\/prod\/uploads\/sites\/3\/2025\/05\/PALESTRA-COM-CRIANCAS-INDIGENAS_SAS-PREFCG-9-356x200.jpeg 356w, https:\/\/cdn.campogrande.ms.gov.br\/portal\/prod\/uploads\/sites\/3\/2025\/05\/PALESTRA-COM-CRIANCAS-INDIGENAS_SAS-PREFCG-9.jpeg 1280w\" sizes=\"(max-width: 1024px) 100vw, 1024px\" \/><\/figure>\n\n\n\n<p>Moradora na aldeia Parav\u00e1, a auxiliar de servi\u00e7os gerais Jane Dias Paulino, levou as duas filhas de 12 e 14 anos para participarem da atividade e aprovou a iniciativa. \u201cSempre participo de eventos assim, \u00e9 muito importante para as crian\u00e7as porque acho que com o livro elas entendem melhor do que a gente falar\u201d, pontuou.<\/p>\n\n\n\n<p>Fernando Souza, subsecret\u00e1rio de Estado dos Povos Origin\u00e1rios de Mato Grosso do Sul apoiou a iniciativa de promover um evento sobre abuso sexual com um olhar diferenciado, respeitando a cultura ind\u00edgena.<\/p>\n\n\n\n<p>A superintendente de Defesa da Pol\u00edticas de Direitos Humanos, Prisicilla Justi, ressaltou que A SDHU desenvolve a\u00e7\u00f5es voltadas \u00e0 promo\u00e7\u00e3o e prote\u00e7\u00e3o dos direitos dos povos ind\u00edgenas em Campo Grande, com foco especial nas comunidades ind\u00edgenas urbanas, que totalizam 24 e re\u00fanem uma popula\u00e7\u00e3o de mais de 18 mil fam\u00edlias ind\u00edgenas.<\/p>\n\n\n\n<p>\u201cPromovemos a articula\u00e7\u00e3o intersetorial para garantia de acesso a direitos fundamentais, como documenta\u00e7\u00e3o, sa\u00fade, educa\u00e7\u00e3o, assist\u00eancia social e moradia, al\u00e9m de organizar atividades de fortalecimento cultural por meio do apoio a eventos, oficinas e a\u00e7\u00f5es de valoriza\u00e7\u00e3o das l\u00ednguas e tradi\u00e7\u00f5es ind\u00edgenas\u201d, afirmou.<\/p>\n\n\n\n<p><strong>Expans\u00e3o da obra<\/strong><\/p>\n\n\n\n<p>Viviane Vaz explica que a ideia do livro surgiu a partir da Coordenadoria da Inf\u00e2ncia e Juventude do Tribunal de Justi\u00e7a do Estado que realiza um trabalho nas comarcas e na comunidade de Amambai, onde h\u00e1 um grande n\u00famero de crian\u00e7as que falam a l\u00edngua ind\u00edgena. \u201cEntendemos que a gente tinha que ter um material espec\u00edfico, ent\u00e3o fui convidada para escrever a obra e agora estamos trabalhando para traduzir tamb\u00e9m para a l\u00edngua Terena.<\/p>\n\n\n\n<p>Profissionais que abordam o tema com crian\u00e7as ind\u00edgenas precisam estar capacitados para entender suas especificidades culturais para n\u00e3o causar medo ou confus\u00e3o, por isso os professores que est\u00e3o utilizando a obra para debater o tema em sala de aula passaram por uma forma\u00e7\u00e3o. \u201cA ideia \u00e9 que esse trabalho chegue, quem sabe \u00e0s comarcas de todo o pa\u00eds porque o TJ h\u00e1 muito tempo se preocupa com a quest\u00e3o dos povos origin\u00e1rios\u201d, comentou Renata Queiroz, da coordenadoria da Inf\u00e2ncia e Juventude do Tribunal de Justi\u00e7a de Mato Grosso do Sul.<\/p>\n\n\n\n<p>Campo Grande abriga atualmente cerca de 18.439 fam\u00edlias ind\u00edgenas, sendo o munic\u00edpio com a maior popula\u00e7\u00e3o ind\u00edgena de Mato Grosso do Sul.<\/p>\n\n\n\n<p><\/p>\n\n\n\n<p><\/p>\n\n\n\n<p>#<em>ParaTodosVerem As imagens mostram o momento da palestra.<\/em><\/p>\n\n\n\n<p><\/p>\n","protected":false},"author":560,"featured_media":140863,"template":"","meta":{"custom_icon_class":"","footnotes":""},"categories":[],"tags":[],"class_list":["post-140852","sec-noticias","type-sec-noticias","status-publish","has-post-thumbnail","hentry"],"acf":[],"_links":{"self":[{"href":"https:\/\/www.campogrande.ms.gov.br\/cgnoticias\/wp-json\/wp\/v2\/sec-noticias\/140852"}],"collection":[{"href":"https:\/\/www.campogrande.ms.gov.br\/cgnoticias\/wp-json\/wp\/v2\/sec-noticias"}],"about":[{"href":"https:\/\/www.campogrande.ms.gov.br\/cgnoticias\/wp-json\/wp\/v2\/types\/sec-noticias"}],"author":[{"embeddable":true,"href":"https:\/\/www.campogrande.ms.gov.br\/cgnoticias\/wp-json\/wp\/v2\/users\/560"}],"version-history":[{"count":5,"href":"https:\/\/www.campogrande.ms.gov.br\/cgnoticias\/wp-json\/wp\/v2\/sec-noticias\/140852\/revisions"}],"predecessor-version":[{"id":140868,"href":"https:\/\/www.campogrande.ms.gov.br\/cgnoticias\/wp-json\/wp\/v2\/sec-noticias\/140852\/revisions\/140868"}],"wp:featuredmedia":[{"embeddable":true,"href":"https:\/\/www.campogrande.ms.gov.br\/cgnoticias\/wp-json\/wp\/v2\/media\/140863"}],"wp:attachment":[{"href":"https:\/\/www.campogrande.ms.gov.br\/cgnoticias\/wp-json\/wp\/v2\/media?parent=140852"}],"wp:term":[{"taxonomy":"category","embeddable":true,"href":"https:\/\/www.campogrande.ms.gov.br\/cgnoticias\/wp-json\/wp\/v2\/categories?post=140852"},{"taxonomy":"post_tag","embeddable":true,"href":"https:\/\/www.campogrande.ms.gov.br\/cgnoticias\/wp-json\/wp\/v2\/tags?post=140852"}],"curies":[{"name":"wp","href":"https:\/\/api.w.org\/{rel}","templated":true}]}}