{"id":140131,"date":"2025-05-21T13:00:00","date_gmt":"2025-05-21T17:00:00","guid":{"rendered":"https:\/\/www.campogrande.ms.gov.br\/cgnoticias\/?post_type=sec-noticias&#038;p=140131"},"modified":"2025-05-21T17:36:45","modified_gmt":"2025-05-21T21:36:45","slug":"prefeitura-apresenta-projetos-e-potencialidades-de-campo-grande-a-consul-geral-da-belgica","status":"publish","type":"sec-noticias","link":"https:\/\/www.campogrande.ms.gov.br\/cgnoticias\/noticia\/prefeitura-apresenta-projetos-e-potencialidades-de-campo-grande-a-consul-geral-da-belgica\/","title":{"rendered":"Prefeitura apresenta projetos e potencialidades de Campo Grande \u00e0 c\u00f4nsul-geral da B\u00e9lgica"},"content":{"rendered":"\n<p>A prefeita Adriane Lopes recebeu, na manh\u00e3 desta quarta-feira (21), a c\u00f4nsul-geral da B\u00e9lgica em S\u00e3o Paulo, Valentine Mangez, em sua primeira visita a Campo Grande. Durante a visita foram apresentados alguns dos projetos desenvolvidos pela administra\u00e7\u00e3o municipal, com destaque para iniciativas voltadas \u00e0 sustentabilidade, ao desenvolvimento social, econ\u00f4mico e \u00e0 prote\u00e7\u00e3o dos direitos das mulheres, \u00e1reas que contribuem para consolidar a Capital como uma das cidades mais pujantes do pa\u00eds.<\/p>\n\n\n\n<p>Segundo a prefeita Adriane Lopes, a reuni\u00e3o \u00e9 uma oportunidade para projetar Campo Grande para al\u00e9m das fronteiras brasileiras. \u201cCampo Grande tem um conjunto de iniciativas que nos orgulha e que pode servir de modelo em v\u00e1rias frentes. Apresentar isso \u00e0 representante de um pa\u00eds europeu \u00e9 uma forma de abrir caminhos para futuras parcerias, seja no campo das trocas de experi\u00eancias, seja em oportunidades comerciais. Acreditamos no potencial da coopera\u00e7\u00e3o internacional para fortalecer ainda mais o nosso munic\u00edpio\u201d, afirmou a chefe do Executivo municipal.<\/p>\n\n\n\n<p>A c\u00f4nsul conheceu projetos de inova\u00e7\u00e3o em \u00e1reas como sustentabilidade, preserva\u00e7\u00e3o e desenvolvimento econ\u00f4mico. Um dos destaques foi o trabalho de refer\u00eancia realizado no enfrentamento \u00e0 viol\u00eancia contra a mulher, com \u00eanfase para a estrutura e os servi\u00e7os da Casa da Mulher Brasileira (CMB), que tamb\u00e9m foi visitada pela diplomata na ter\u00e7a-feira (20).<\/p>\n\n\n\n<p>Inaugurada em Campo Grande como projeto pioneiro no Brasil, a Casa da Mulher Brasileira re\u00fane, em um \u00fanico espa\u00e7o, diversos atendimentos especializados voltados \u00e0s mulheres em situa\u00e7\u00e3o de viol\u00eancia. Com funcionamento 24 horas por dia, a unidade disp\u00f5e de acolhimento psicossocial, apoio jur\u00eddico, alojamento provis\u00f3rio, brinquedoteca e transporte para servi\u00e7os de sa\u00fade e per\u00edcia. Todo o suporte \u00e9 oferecido de forma integrada, visando acolher e proteger as v\u00edtimas com dignidade, seguran\u00e7a e efici\u00eancia.<\/p>\n\n\n\n<p>A estrutura tamb\u00e9m conta com a Patrulha Maria da Penha, vinculada \u00e0 Guarda Civil Metropolitana, que atua no monitoramento das medidas protetivas de urg\u00eancia e na prote\u00e7\u00e3o ativa \u00e0s v\u00edtimas por meio de visitas domiciliares e atendimentos emergenciais.<\/p>\n\n\n\n<p>Al\u00e9m disso, a Casa da Mulher Brasileira mant\u00e9m parceria com a Delegacia Especializada de Atendimento \u00e0 Mulher (1\u00aa DEAM) e com o Instituto M\u00e9dico Legal (IML), garantindo o atendimento policial e a realiza\u00e7\u00e3o de exames periciais no mesmo local, o que reduz o tempo de resposta e amplia a efetividade do acolhimento.<\/p>\n\n\n\n<p>A c\u00f4nsul-geral belga elogiou o modelo implementado em Campo Grande. \u201cA viol\u00eancia contra a mulher \u00e9 algo que temos que lutar todos juntos, \u00e9 um desafio mundial e sempre podemos aprender uns com os outros. Fico muito feliz em ver a uni\u00e3o de for\u00e7as entre os poderes em prol dessa luta\u201d, afirmou Valentine Mangez.<\/p>\n\n\n\n<p><br><br><em><strong>#PraTodosVerem<\/strong>:  Na capa da mat\u00e9ria h\u00e1 uma foto que mostra a prefeita Adriane Lopes e a c\u00f4nsul-geral da B\u00e9lgica conversando.<\/em> <\/p>\n\n\n\n<p><\/p>\n","protected":false},"author":464,"featured_media":140141,"template":"","meta":{"custom_icon_class":"","footnotes":""},"categories":[],"tags":[],"class_list":["post-140131","sec-noticias","type-sec-noticias","status-publish","has-post-thumbnail","hentry"],"acf":[],"_links":{"self":[{"href":"https:\/\/www.campogrande.ms.gov.br\/cgnoticias\/wp-json\/wp\/v2\/sec-noticias\/140131"}],"collection":[{"href":"https:\/\/www.campogrande.ms.gov.br\/cgnoticias\/wp-json\/wp\/v2\/sec-noticias"}],"about":[{"href":"https:\/\/www.campogrande.ms.gov.br\/cgnoticias\/wp-json\/wp\/v2\/types\/sec-noticias"}],"author":[{"embeddable":true,"href":"https:\/\/www.campogrande.ms.gov.br\/cgnoticias\/wp-json\/wp\/v2\/users\/464"}],"version-history":[{"count":3,"href":"https:\/\/www.campogrande.ms.gov.br\/cgnoticias\/wp-json\/wp\/v2\/sec-noticias\/140131\/revisions"}],"predecessor-version":[{"id":140140,"href":"https:\/\/www.campogrande.ms.gov.br\/cgnoticias\/wp-json\/wp\/v2\/sec-noticias\/140131\/revisions\/140140"}],"wp:featuredmedia":[{"embeddable":true,"href":"https:\/\/www.campogrande.ms.gov.br\/cgnoticias\/wp-json\/wp\/v2\/media\/140141"}],"wp:attachment":[{"href":"https:\/\/www.campogrande.ms.gov.br\/cgnoticias\/wp-json\/wp\/v2\/media?parent=140131"}],"wp:term":[{"taxonomy":"category","embeddable":true,"href":"https:\/\/www.campogrande.ms.gov.br\/cgnoticias\/wp-json\/wp\/v2\/categories?post=140131"},{"taxonomy":"post_tag","embeddable":true,"href":"https:\/\/www.campogrande.ms.gov.br\/cgnoticias\/wp-json\/wp\/v2\/tags?post=140131"}],"curies":[{"name":"wp","href":"https:\/\/api.w.org\/{rel}","templated":true}]}}