{"id":140043,"date":"2025-05-20T15:00:00","date_gmt":"2025-05-20T19:00:00","guid":{"rendered":"https:\/\/www.campogrande.ms.gov.br\/cgnoticias\/?post_type=sec-noticias&#038;p=140043"},"modified":"2025-05-20T16:09:31","modified_gmt":"2025-05-20T20:09:31","slug":"sejuv-abre-inscricoes-para-cursos-gratuitos-de-design-de-sobrancelha-e-manicure-e-pedicure","status":"publish","type":"sec-noticias","link":"https:\/\/www.campogrande.ms.gov.br\/cgnoticias\/noticia\/sejuv-abre-inscricoes-para-cursos-gratuitos-de-design-de-sobrancelha-e-manicure-e-pedicure\/","title":{"rendered":"Sejuv abre inscri\u00e7\u00f5es para cursos gratuitos de Design de Sobrancelha e Manicure e Pedicure"},"content":{"rendered":"\n<p>A Secretaria Executiva da Juventude (Sejuv), est\u00e1 com inscri\u00e7\u00f5es abertas para dois cursos gratuitos voltados \u00e0 capacita\u00e7\u00e3o profissional de jovens da capital. As oficinas ser\u00e3o realizadas nos dias<strong>\u00a0<\/strong>26 e 28 de maio, na sede da Sejuv, e contemplam as \u00e1reas de\u00a0Design de Sobrancelhas\u00a0e\u00a0Manicure e Pedicure.<strong><br><\/strong><br>Com foco na gera\u00e7\u00e3o de renda e no fortalecimento do empreendedorismo jovem, os cursos oferecem forma\u00e7\u00e3o b\u00e1sica, com conte\u00fado pr\u00e1tico e te\u00f3rico. Ao final, os participantes receber\u00e3o\u00a0certificados de conclus\u00e3o com carga hor\u00e1ria, uma vantagem importante para quem deseja ingressar ou se destacar no mercado de trabalho.<br><br>As\u00a0vagas s\u00e3o limitadas e os interessados devem se inscrever pelo link:\u00a0<a href=\"https:\/\/sejuvcg.campogrande.ms.gov.br\/home\" target=\"_blank\" rel=\"noreferrer noopener\"><strong>https:\/\/sejuvcg.campogrande.ms.gov.br\/home<\/strong><\/a>.<br><br><br><strong>Servi\u00e7o:<\/strong><\/p>\n\n\n\n<p><br><strong>Manicure e Pedicure<\/strong><br><br>Data: 26\/05 a 30\/05<br><br>Hor\u00e1rio: 7h30 \u00e0s 11h30<\/p>\n\n\n\n<p>Local: SEJUV \u2013 Rua 25 de Dezembro,924. Shopping Marrakech \u2013 3\u00b0 andar<br><br><br><br><strong>Design de sobrancelha<\/strong><br><br>Data: 28\/05 a 30\/05<br><br>Hor\u00e1rio: 18h30 \u00e0s 21h30<br><br>Local: SEJUV \u2013 Rua 25 de Dezembro,924. Shopping Marrakech \u2013 3\u00b0 andar<br><br><br><br><br><strong><br><em>#PraTodosVerem<\/em><\/strong><em>: Na capa do release h\u00e1 uma foto que mostra as m\u00e3os de uma manicure e de outra mulher durante atendimento. <\/em><\/p>\n","protected":false},"author":464,"featured_media":140044,"template":"","meta":{"custom_icon_class":"","footnotes":""},"categories":[22],"tags":[],"class_list":["post-140043","sec-noticias","type-sec-noticias","status-publish","has-post-thumbnail","hentry","category-juventude"],"acf":[],"_links":{"self":[{"href":"https:\/\/www.campogrande.ms.gov.br\/cgnoticias\/wp-json\/wp\/v2\/sec-noticias\/140043"}],"collection":[{"href":"https:\/\/www.campogrande.ms.gov.br\/cgnoticias\/wp-json\/wp\/v2\/sec-noticias"}],"about":[{"href":"https:\/\/www.campogrande.ms.gov.br\/cgnoticias\/wp-json\/wp\/v2\/types\/sec-noticias"}],"author":[{"embeddable":true,"href":"https:\/\/www.campogrande.ms.gov.br\/cgnoticias\/wp-json\/wp\/v2\/users\/464"}],"version-history":[{"count":3,"href":"https:\/\/www.campogrande.ms.gov.br\/cgnoticias\/wp-json\/wp\/v2\/sec-noticias\/140043\/revisions"}],"predecessor-version":[{"id":140069,"href":"https:\/\/www.campogrande.ms.gov.br\/cgnoticias\/wp-json\/wp\/v2\/sec-noticias\/140043\/revisions\/140069"}],"wp:featuredmedia":[{"embeddable":true,"href":"https:\/\/www.campogrande.ms.gov.br\/cgnoticias\/wp-json\/wp\/v2\/media\/140044"}],"wp:attachment":[{"href":"https:\/\/www.campogrande.ms.gov.br\/cgnoticias\/wp-json\/wp\/v2\/media?parent=140043"}],"wp:term":[{"taxonomy":"category","embeddable":true,"href":"https:\/\/www.campogrande.ms.gov.br\/cgnoticias\/wp-json\/wp\/v2\/categories?post=140043"},{"taxonomy":"post_tag","embeddable":true,"href":"https:\/\/www.campogrande.ms.gov.br\/cgnoticias\/wp-json\/wp\/v2\/tags?post=140043"}],"curies":[{"name":"wp","href":"https:\/\/api.w.org\/{rel}","templated":true}]}}