{"id":138866,"date":"2025-05-07T12:21:30","date_gmt":"2025-05-07T16:21:30","guid":{"rendered":"https:\/\/www.campogrande.ms.gov.br\/cgnoticias\/?post_type=sec-noticias&#038;p=138866"},"modified":"2025-05-08T09:56:42","modified_gmt":"2025-05-08T13:56:42","slug":"prefeita-adriane-garante-627-no-piso-do-magisterio-e-vai-convocar-273-professores-elevando-em-mais-de-70-numero-de-efetivos-na-reme","status":"publish","type":"sec-noticias","link":"https:\/\/www.campogrande.ms.gov.br\/cgnoticias\/noticia\/prefeita-adriane-garante-627-no-piso-do-magisterio-e-vai-convocar-273-professores-elevando-em-mais-de-70-numero-de-efetivos-na-reme\/","title":{"rendered":"Prefeita Adriane garante 6,27% no piso do magist\u00e9rio e vai convocar 273 professores, elevando em mais de 70% n\u00famero de efetivos na Reme"},"content":{"rendered":"\n<hr class=\"wp-block-separator has-alpha-channel-opacity\" \/>\n\n\n\n<p>A prefeita de Campo Grande, Adriane Lopes, anunciou nesta quarta-feira (7) duas importantes medidas para a valoriza\u00e7\u00e3o dos profissionais da educa\u00e7\u00e3o: a convoca\u00e7\u00e3o de mais 273 professores no pr\u00f3ximo m\u00eas e a incorpora\u00e7\u00e3o de 100% do piso nacional do magist\u00e9rio, com reajuste de 6,27% aos docentes da Rede Municipal de Ensino (Reme), j\u00e1 a partir de maio. Os convocados s\u00e3o remanescentes do \u00faltimo concurso p\u00fablico realizado em 2024 e ir\u00e3o compor o quadro efetivo da Reme, elevando para mais de 70% o n\u00famero de professores concursados na rede.<\/p>\n\n\n\n<p>As a\u00e7\u00f5es foram anunciadas durante reuni\u00e3o no Gabinete do Pa\u00e7o Municipal, com a participa\u00e7\u00e3o de representantes da ACP (Sindicato Campo-grandense dos Profissionais da Educa\u00e7\u00e3o P\u00fablica) e do secret\u00e1rio municipal de Educa\u00e7\u00e3o, Lucas Bittencourt. As medidas representam um avan\u00e7o significativo na pol\u00edtica de valoriza\u00e7\u00e3o dos profissionais da educa\u00e7\u00e3o, refletindo o compromisso da gest\u00e3o com a qualifica\u00e7\u00e3o do ensino p\u00fablico e o fortalecimento da carreira docente na Capital.<\/p>\n\n\n\n<hr class=\"wp-block-separator has-alpha-channel-opacity\" \/>\n\n\n\n<p>O \u00faltimo concurso p\u00fablico para professores previa 323 vagas, mas j\u00e1 haviam sido realizadas 810 convoca\u00e7\u00f5es at\u00e9 o ano passado. Com os novos 273 professores convocados, o n\u00famero total de efetivos passa para 1.083.<\/p>\n\n\n\n<figure class=\"wp-block-image size-large\"><img fetchpriority=\"high\" decoding=\"async\" width=\"1024\" height=\"683\" src=\"https:\/\/cdn.campogrande.ms.gov.br\/portal\/prod\/uploads\/sites\/3\/2025\/05\/ANUNCIO-CONVOCAR-MAIS-PROFESSORES-E-PISO_PREFCG_ANA-PAULA-FERNANDES-4-1024x683.jpeg\" alt=\"\" class=\"wp-image-138868\" srcset=\"https:\/\/cdn.campogrande.ms.gov.br\/portal\/prod\/uploads\/sites\/3\/2025\/05\/ANUNCIO-CONVOCAR-MAIS-PROFESSORES-E-PISO_PREFCG_ANA-PAULA-FERNANDES-4-1024x683.jpeg 1024w, https:\/\/cdn.campogrande.ms.gov.br\/portal\/prod\/uploads\/sites\/3\/2025\/05\/ANUNCIO-CONVOCAR-MAIS-PROFESSORES-E-PISO_PREFCG_ANA-PAULA-FERNANDES-4-300x200.jpeg 300w, https:\/\/cdn.campogrande.ms.gov.br\/portal\/prod\/uploads\/sites\/3\/2025\/05\/ANUNCIO-CONVOCAR-MAIS-PROFESSORES-E-PISO_PREFCG_ANA-PAULA-FERNANDES-4-768x512.jpeg 768w, https:\/\/cdn.campogrande.ms.gov.br\/portal\/prod\/uploads\/sites\/3\/2025\/05\/ANUNCIO-CONVOCAR-MAIS-PROFESSORES-E-PISO_PREFCG_ANA-PAULA-FERNANDES-4-1536x1025.jpeg 1536w, https:\/\/cdn.campogrande.ms.gov.br\/portal\/prod\/uploads\/sites\/3\/2025\/05\/ANUNCIO-CONVOCAR-MAIS-PROFESSORES-E-PISO_PREFCG_ANA-PAULA-FERNANDES-4-2048x1366.jpeg 2048w\" sizes=\"(max-width: 1024px) 100vw, 1024px\" \/><\/figure>\n\n\n\n<p>\u201cEste \u00e9 mais um avan\u00e7o concreto da Prefeitura no fortalecimento da nossa educa\u00e7\u00e3o. Conforme acordado com a categoria, ser\u00e1 realizado o pagamento do percentual de 6,27% no m\u00eas que vem. E vamos convocar 273 novos concursados. Al\u00e9m disso, a climatiza\u00e7\u00e3o das salas de aula das escolas municipais j\u00e1 \u00e9 uma realidade e segue com as instala\u00e7\u00f5es. J\u00e1 s\u00e3o doze escolas que passam a contar com ar-condicionado nas salas de aulas, e vamos continuar avan\u00e7ando com responsabilidade\u201d, afirma a prefeita Adriane Lopes.<\/p>\n\n\n\n<p>O presidente da ACP, professor Gilvano Bronzoni, ressalta que, desde que assumiu o mandato no sindicato, em novembro de 2022, o di\u00e1logo com a administra\u00e7\u00e3o municipal tem sido constante e produtivo.<\/p>\n\n\n\n<figure class=\"wp-block-image size-large\"><img decoding=\"async\" width=\"1024\" height=\"683\" src=\"https:\/\/cdn.campogrande.ms.gov.br\/portal\/prod\/uploads\/sites\/3\/2025\/05\/ANUNCIO-CONVOCAR-MAIS-PROFESSORES-E-PISO_PREFCG_ANA-PAULA-FERNANDES-3-1024x683.jpeg\" alt=\"\" class=\"wp-image-138867\" srcset=\"https:\/\/cdn.campogrande.ms.gov.br\/portal\/prod\/uploads\/sites\/3\/2025\/05\/ANUNCIO-CONVOCAR-MAIS-PROFESSORES-E-PISO_PREFCG_ANA-PAULA-FERNANDES-3-1024x683.jpeg 1024w, https:\/\/cdn.campogrande.ms.gov.br\/portal\/prod\/uploads\/sites\/3\/2025\/05\/ANUNCIO-CONVOCAR-MAIS-PROFESSORES-E-PISO_PREFCG_ANA-PAULA-FERNANDES-3-300x200.jpeg 300w, https:\/\/cdn.campogrande.ms.gov.br\/portal\/prod\/uploads\/sites\/3\/2025\/05\/ANUNCIO-CONVOCAR-MAIS-PROFESSORES-E-PISO_PREFCG_ANA-PAULA-FERNANDES-3-768x512.jpeg 768w, https:\/\/cdn.campogrande.ms.gov.br\/portal\/prod\/uploads\/sites\/3\/2025\/05\/ANUNCIO-CONVOCAR-MAIS-PROFESSORES-E-PISO_PREFCG_ANA-PAULA-FERNANDES-3-1536x1025.jpeg 1536w, https:\/\/cdn.campogrande.ms.gov.br\/portal\/prod\/uploads\/sites\/3\/2025\/05\/ANUNCIO-CONVOCAR-MAIS-PROFESSORES-E-PISO_PREFCG_ANA-PAULA-FERNANDES-3-2048x1366.jpeg 2048w\" sizes=\"(max-width: 1024px) 100vw, 1024px\" \/><\/figure>\n\n\n\n<p>&#8220;Temos que agradecer ao Executivo e dizer que a boa rela\u00e7\u00e3o e as portas abertas da gest\u00e3o municipal de Camo Grande s\u00e3o excelentes. Nunca se teve tanto di\u00e1logo como agora. Claro, nem tudo o que se quer pode ser feito, mas estamos alcan\u00e7ando \u00f3timos patamares durante as negocia\u00e7\u00f5es. Quero que a Prefeitura conte com a ACP para podermos construir uma educa\u00e7\u00e3o p\u00fablica de qualidade em Campo Grande&#8221;, afirmou.<\/p>\n\n\n\n<p>O secret\u00e1rio municipal de Educa\u00e7\u00e3o, Lucas Bittencourt, tamb\u00e9m ressaltou o impacto positivo da medida para o fortalecimento da rede municipal. \u201cA Semed, junto \u00e0s equipes t\u00e9cnicas, trabalha para garantir a qualidade do ensino. A convoca\u00e7\u00e3o de mais profissionais efetivos e o cumprimento do que foi acordado com a categoria, \u00e9 sem d\u00favida um grande avan\u00e7o\u201d, destaca. <\/p>\n\n\n\n<figure class=\"wp-block-image size-large\"><img decoding=\"async\" width=\"1024\" height=\"683\" src=\"https:\/\/cdn.campogrande.ms.gov.br\/portal\/prod\/uploads\/sites\/3\/2025\/05\/ANUNCIO-CONVOCAR-MAIS-PROFESSORES-E-PISO_PREFCG_ANA-PAULA-FERNANDES-2-1024x683.jpeg\" alt=\"\" class=\"wp-image-138869\" srcset=\"https:\/\/cdn.campogrande.ms.gov.br\/portal\/prod\/uploads\/sites\/3\/2025\/05\/ANUNCIO-CONVOCAR-MAIS-PROFESSORES-E-PISO_PREFCG_ANA-PAULA-FERNANDES-2-1024x683.jpeg 1024w, https:\/\/cdn.campogrande.ms.gov.br\/portal\/prod\/uploads\/sites\/3\/2025\/05\/ANUNCIO-CONVOCAR-MAIS-PROFESSORES-E-PISO_PREFCG_ANA-PAULA-FERNANDES-2-300x200.jpeg 300w, https:\/\/cdn.campogrande.ms.gov.br\/portal\/prod\/uploads\/sites\/3\/2025\/05\/ANUNCIO-CONVOCAR-MAIS-PROFESSORES-E-PISO_PREFCG_ANA-PAULA-FERNANDES-2-768x512.jpeg 768w, https:\/\/cdn.campogrande.ms.gov.br\/portal\/prod\/uploads\/sites\/3\/2025\/05\/ANUNCIO-CONVOCAR-MAIS-PROFESSORES-E-PISO_PREFCG_ANA-PAULA-FERNANDES-2-1536x1025.jpeg 1536w, https:\/\/cdn.campogrande.ms.gov.br\/portal\/prod\/uploads\/sites\/3\/2025\/05\/ANUNCIO-CONVOCAR-MAIS-PROFESSORES-E-PISO_PREFCG_ANA-PAULA-FERNANDES-2-2048x1366.jpeg 2048w\" sizes=\"(max-width: 1024px) 100vw, 1024px\" \/><\/figure>\n\n\n\n<p>Os novos servidores convocados ser\u00e3o distribu\u00eddos conforme as necessidades educacionais identificadas na Reme.<\/p>\n\n\n\n<p><\/p>\n\n\n\n<p>#ParaTodosVerem A imagem de capa mostra uma professora em sala de aula. As imagens internas s\u00e3o da reuni\u00e3o realizada no Gabinete com a prefeita Adriane Lopes e demais autoridade, equipe t\u00e9cnica e ACP.<\/p>\n\n\n\n<p><\/p>\n","protected":false},"author":560,"featured_media":124877,"template":"","meta":{"custom_icon_class":"","footnotes":""},"categories":[38],"tags":[],"class_list":["post-138866","sec-noticias","type-sec-noticias","status-publish","has-post-thumbnail","hentry","category-educacao"],"acf":[],"_links":{"self":[{"href":"https:\/\/www.campogrande.ms.gov.br\/cgnoticias\/wp-json\/wp\/v2\/sec-noticias\/138866"}],"collection":[{"href":"https:\/\/www.campogrande.ms.gov.br\/cgnoticias\/wp-json\/wp\/v2\/sec-noticias"}],"about":[{"href":"https:\/\/www.campogrande.ms.gov.br\/cgnoticias\/wp-json\/wp\/v2\/types\/sec-noticias"}],"author":[{"embeddable":true,"href":"https:\/\/www.campogrande.ms.gov.br\/cgnoticias\/wp-json\/wp\/v2\/users\/560"}],"version-history":[{"count":10,"href":"https:\/\/www.campogrande.ms.gov.br\/cgnoticias\/wp-json\/wp\/v2\/sec-noticias\/138866\/revisions"}],"predecessor-version":[{"id":138946,"href":"https:\/\/www.campogrande.ms.gov.br\/cgnoticias\/wp-json\/wp\/v2\/sec-noticias\/138866\/revisions\/138946"}],"wp:featuredmedia":[{"embeddable":true,"href":"https:\/\/www.campogrande.ms.gov.br\/cgnoticias\/wp-json\/wp\/v2\/media\/124877"}],"wp:attachment":[{"href":"https:\/\/www.campogrande.ms.gov.br\/cgnoticias\/wp-json\/wp\/v2\/media?parent=138866"}],"wp:term":[{"taxonomy":"category","embeddable":true,"href":"https:\/\/www.campogrande.ms.gov.br\/cgnoticias\/wp-json\/wp\/v2\/categories?post=138866"},{"taxonomy":"post_tag","embeddable":true,"href":"https:\/\/www.campogrande.ms.gov.br\/cgnoticias\/wp-json\/wp\/v2\/tags?post=138866"}],"curies":[{"name":"wp","href":"https:\/\/api.w.org\/{rel}","templated":true}]}}