{"id":134764,"date":"2025-03-08T16:26:42","date_gmt":"2025-03-08T20:26:42","guid":{"rendered":"https:\/\/www.campogrande.ms.gov.br\/cgnoticias\/?post_type=sec-noticias&#038;p=134764"},"modified":"2025-03-08T16:26:45","modified_gmt":"2025-03-08T20:26:45","slug":"plantao-de-castracao-atende-200-animais-no-cras-hercules-mandetta","status":"publish","type":"sec-noticias","link":"https:\/\/www.campogrande.ms.gov.br\/cgnoticias\/noticia\/plantao-de-castracao-atende-200-animais-no-cras-hercules-mandetta\/","title":{"rendered":"Plant\u00e3o de Castra\u00e7\u00e3o atende 200 Animais no CRAS H\u00e9rcules Mandetta"},"content":{"rendered":"\n<p><\/p>\n\n\n\n<p>A Secretaria Especial de Articula\u00e7\u00e3o Regional (SEAR), por meio da Superintend\u00eancia de Bem-Estar Animal (SUBEA), realizou na manh\u00e3 deste s\u00e1bado (8) um plant\u00e3o de castra\u00e7\u00e3o de c\u00e3es e gatos no CRAS H\u00e9rcules Mandetta, no Jardim Noroeste. A a\u00e7\u00e3o avaliou 200 animais, que ser\u00e3o encaminhados para uma das nove cl\u00ednicas credenciadas com a prefeitura, alem de realizar microchipagem, vacina e verm\u00edfugo.\u00a0<\/p>\n\n\n\n<p>O evento faz parte do plano de a\u00e7\u00e3o dos primeiros 100 dias da administra\u00e7\u00e3o, e tem como principal objetivo o controle populacional e bem-estar dos pets. Para o Superintendente da Subea, Edvaldo Salles, a\u00e7\u00f5es como esta s\u00e3o fundamentais para principalmente evitar a superpopula\u00e7\u00e3o de animais abandonados, al\u00e9m de trazer benef\u00edcios \u00e0 sa\u00fade dos bichinhos, como a preven\u00e7\u00e3o de diversas doen\u00e7as. O evento contou com 6 postos de atendimentos veterin\u00e1rios, para agilizar o atendimento e n\u00e3o deixar os animais agitados.&nbsp;<\/p>\n\n\n\n<p>Entre os participantes, estava a dona de casa Maria Luiza Ferreira, que levou sua gata Nina para o procedimento. \u201cEu trouxe ela para que n\u00e3o tenha mais filhotes. Se n\u00e3o a gente se apega e vai ficando com um monte de bicho em casa&#8221;, comentou. J\u00e1 o jovem estudante Jo\u00e3o Pedro Silva, levou seu cachorro Thor e destacou a import\u00e2ncia da a\u00e7\u00e3o: \u201cA iniciativa foi essencial para quem n\u00e3o tem condi\u00e7\u00f5es de pagar uma castra\u00e7\u00e3o. Agora sei que o Thor estar\u00e1 mais saud\u00e1vel e seguro\u201d.<\/p>\n\n\n\n<p>O secret\u00e1rio da SEAR, Darci Caldo, ressaltou o compromisso da gest\u00e3o municipal com o bem-estar animal. \u201cNosso objetivo \u00e9 oferecer servi\u00e7os que contribuam tanto para a sa\u00fade dos pets quanto para a qualidade de vida da popula\u00e7\u00e3o. Esse mutir\u00e3o \u00e9 um passo importante e que pretendemos realizar em outras regi\u00f5es da nossa capital.\u201d<\/p>\n\n\n\n<p>No evento tamb\u00e9m estiveram presentes a Solurb com informativos e brindes para as mulheres, em comemora\u00e7\u00e3o ao dia da mulher, a Sesau com orienta\u00e7\u00e3o sobre a dengue, Agereg com artesanato e a \u00c1guas Guariroba.<\/p>\n\n\n\n<p><strong>Descentralizar&nbsp;<\/strong><\/p>\n\n\n\n<p>Tanto para gestores que estiveram presentes quanto para os tutores que participaram da a\u00e7\u00e3o, a ideia de descentralizar os servi\u00e7os ofertados pela prefeitura foi muito bem recebida.<\/p>\n\n\n\n<p>A vice-prefeita e secret\u00e1ria da SAS, Camila Nascimento, tamb\u00e9m esteve no evento e comentou sobre a import\u00e2ncia de trazer esses e outros servi\u00e7os para os bairros. &#8220;Facilitar o acesso dos moradores aos servi\u00e7os dispon\u00edveis pela prefeitura \u00e9 de grande import\u00e2ncia. N\u00f3s j\u00e1 realizamos o Todos em A\u00e7\u00e3o, que oferece mais de 300 servi\u00e7os para popula\u00e7\u00e3o, mas eventos pontuais como este podem e devem acontecer com mais frequ\u00eancia&#8221;, finalizou.\u00a0<\/p>\n\n\n\n<p><em>#ParaTodosVerem<br>Fotocapa: P\u00fablico em fila indiano com seus pets \u00e0 espera para o momento de castra\u00e7\u00e3o por agentes da Subea.<\/em><\/p>\n","protected":false},"author":310,"featured_media":134767,"template":"","meta":{"custom_icon_class":"","footnotes":""},"categories":[],"tags":[],"class_list":["post-134764","sec-noticias","type-sec-noticias","status-publish","has-post-thumbnail","hentry"],"acf":[],"_links":{"self":[{"href":"https:\/\/www.campogrande.ms.gov.br\/cgnoticias\/wp-json\/wp\/v2\/sec-noticias\/134764"}],"collection":[{"href":"https:\/\/www.campogrande.ms.gov.br\/cgnoticias\/wp-json\/wp\/v2\/sec-noticias"}],"about":[{"href":"https:\/\/www.campogrande.ms.gov.br\/cgnoticias\/wp-json\/wp\/v2\/types\/sec-noticias"}],"author":[{"embeddable":true,"href":"https:\/\/www.campogrande.ms.gov.br\/cgnoticias\/wp-json\/wp\/v2\/users\/310"}],"version-history":[{"count":2,"href":"https:\/\/www.campogrande.ms.gov.br\/cgnoticias\/wp-json\/wp\/v2\/sec-noticias\/134764\/revisions"}],"predecessor-version":[{"id":134796,"href":"https:\/\/www.campogrande.ms.gov.br\/cgnoticias\/wp-json\/wp\/v2\/sec-noticias\/134764\/revisions\/134796"}],"wp:featuredmedia":[{"embeddable":true,"href":"https:\/\/www.campogrande.ms.gov.br\/cgnoticias\/wp-json\/wp\/v2\/media\/134767"}],"wp:attachment":[{"href":"https:\/\/www.campogrande.ms.gov.br\/cgnoticias\/wp-json\/wp\/v2\/media?parent=134764"}],"wp:term":[{"taxonomy":"category","embeddable":true,"href":"https:\/\/www.campogrande.ms.gov.br\/cgnoticias\/wp-json\/wp\/v2\/categories?post=134764"},{"taxonomy":"post_tag","embeddable":true,"href":"https:\/\/www.campogrande.ms.gov.br\/cgnoticias\/wp-json\/wp\/v2\/tags?post=134764"}],"curies":[{"name":"wp","href":"https:\/\/api.w.org\/{rel}","templated":true}]}}