{"id":131553,"date":"2024-12-26T17:00:00","date_gmt":"2024-12-26T21:00:00","guid":{"rendered":"https:\/\/www.campogrande.ms.gov.br\/cgnoticias\/?post_type=sec-noticias&#038;p=131553"},"modified":"2024-12-27T13:34:01","modified_gmt":"2024-12-27T17:34:01","slug":"programacao-de-natal-tera-sertanejo-de-max-henrique-nesta-sexta-feira-27","status":"publish","type":"sec-noticias","link":"https:\/\/www.campogrande.ms.gov.br\/cgnoticias\/noticia\/programacao-de-natal-tera-sertanejo-de-max-henrique-nesta-sexta-feira-27\/","title":{"rendered":"Programa\u00e7\u00e3o de Natal ter\u00e1 sertanejo de Max Henrique nesta sexta-feira (27)"},"content":{"rendered":"\n<p>A programa\u00e7\u00e3o da Cidade do Natal desta sexta-feira, 27 de dezembro, promete encantar o p\u00fablico com atra\u00e7\u00f5es musicais e a tradicional Parada Natalina. Promovida pela Prefeitura de Campo Grande, a Cidade do Natal, nos altos da Avenida Afonso Pena, oferece divers\u00e3o e momentos de magia para toda a fam\u00edlia, al\u00e9m de ser um ponto gastron\u00f4mico com pratos variados e acess\u00edveis. <\/p>\n\n\n\n<figure class=\"wp-block-image size-full\"><img fetchpriority=\"high\" decoding=\"async\" width=\"696\" height=\"464\" src=\"https:\/\/cdn.campogrande.ms.gov.br\/portal\/prod\/uploads\/sites\/3\/2024\/12\/2471b0b2ade5d8397e6b4a216643cee1_1-696x464-1.webp\" alt=\"\" class=\"wp-image-131566\" srcset=\"https:\/\/cdn.campogrande.ms.gov.br\/portal\/prod\/uploads\/sites\/3\/2024\/12\/2471b0b2ade5d8397e6b4a216643cee1_1-696x464-1.webp 696w, https:\/\/cdn.campogrande.ms.gov.br\/portal\/prod\/uploads\/sites\/3\/2024\/12\/2471b0b2ade5d8397e6b4a216643cee1_1-696x464-1-300x200.webp 300w\" sizes=\"(max-width: 696px) 100vw, 696px\" \/><\/figure>\n\n\n\n<p>A partir das 18h30, o cantor campo-grandense Max Henrique apresenta um repert\u00f3rio de m\u00fasicas sertanejas de sua autoria e cl\u00e1ssicos do g\u00eanero. <\/p>\n\n\n\n<p><strong>Parada Natalina: alegria e encantamento para o p\u00fablico<\/strong><\/p>\n\n\n\n<p>A Parada Natalina, que j\u00e1 se tornou um destaque na programa\u00e7\u00e3o, acontece \u00e0s 21h. Com a presen\u00e7a da Fam\u00edlia Rena, o desfile \u00e9 um momento de grande intera\u00e7\u00e3o e magia, trazendo o esp\u00edrito natalino para a Cidade do Natal.<\/p>\n\n\n\n<p><strong>Gastronomia diversificada na Pra\u00e7a de Alimenta\u00e7\u00e3o<\/strong><\/p>\n\n\n\n<p>Al\u00e9m das atra\u00e7\u00f5es culturais, os visitantes tamb\u00e9m podem desfrutar de uma ampla variedade gastron\u00f4mica na Pra\u00e7a de Alimenta\u00e7\u00e3o, com pratos a partir de R$ 6. Restaurantes como Safari, Tomahawk, Chiquinho Sorvetes, Tera Sushi e outros garantem op\u00e7\u00f5es para todos os gostos.<\/p>\n\n\n\n<p>As op\u00e7\u00f5es incluem cupim soleado com mandioca, picanha na chapa, batata frita, past\u00e9is, comida japonesa, op\u00e7\u00f5es veganas e muito mais. Para quem prefere lanches, h\u00e1 burger tradicional, hot-dog, sandu\u00edche Mercad\u00e3o e pizzas individuais.<\/p>\n\n\n\n<p><strong>City Tour de Natal<\/strong><\/p>\n\n\n\n<p>O tradicional City Tour de Natal tamb\u00e9m faz parte da programa\u00e7\u00e3o, com sa\u00eddas da Cidade do Natal \u00e0s 18h, 19h e 20h, de 13 a 30 de dezembro.<\/p>\n\n\n\n<p>A Cidade do Natal funciona diariamente, das 17h30 \u00e0s 22h30, at\u00e9 o dia 31 de dezembro, oferecendo ao p\u00fablico momentos inesquec\u00edveis de divers\u00e3o, cultura e sabor.<\/p>\n\n\n\n<p><em>#ParaTodosVerem A imagem de capa mostra o cantor em momento de show.<\/em><\/p>\n","protected":false},"author":310,"featured_media":131105,"template":"","meta":{"custom_icon_class":"","footnotes":""},"categories":[187],"tags":[],"class_list":["post-131553","sec-noticias","type-sec-noticias","status-publish","has-post-thumbnail","hentry","category-natal-2024"],"acf":[],"_links":{"self":[{"href":"https:\/\/www.campogrande.ms.gov.br\/cgnoticias\/wp-json\/wp\/v2\/sec-noticias\/131553"}],"collection":[{"href":"https:\/\/www.campogrande.ms.gov.br\/cgnoticias\/wp-json\/wp\/v2\/sec-noticias"}],"about":[{"href":"https:\/\/www.campogrande.ms.gov.br\/cgnoticias\/wp-json\/wp\/v2\/types\/sec-noticias"}],"author":[{"embeddable":true,"href":"https:\/\/www.campogrande.ms.gov.br\/cgnoticias\/wp-json\/wp\/v2\/users\/310"}],"version-history":[{"count":9,"href":"https:\/\/www.campogrande.ms.gov.br\/cgnoticias\/wp-json\/wp\/v2\/sec-noticias\/131553\/revisions"}],"predecessor-version":[{"id":131767,"href":"https:\/\/www.campogrande.ms.gov.br\/cgnoticias\/wp-json\/wp\/v2\/sec-noticias\/131553\/revisions\/131767"}],"wp:featuredmedia":[{"embeddable":true,"href":"https:\/\/www.campogrande.ms.gov.br\/cgnoticias\/wp-json\/wp\/v2\/media\/131105"}],"wp:attachment":[{"href":"https:\/\/www.campogrande.ms.gov.br\/cgnoticias\/wp-json\/wp\/v2\/media?parent=131553"}],"wp:term":[{"taxonomy":"category","embeddable":true,"href":"https:\/\/www.campogrande.ms.gov.br\/cgnoticias\/wp-json\/wp\/v2\/categories?post=131553"},{"taxonomy":"post_tag","embeddable":true,"href":"https:\/\/www.campogrande.ms.gov.br\/cgnoticias\/wp-json\/wp\/v2\/tags?post=131553"}],"curies":[{"name":"wp","href":"https:\/\/api.w.org\/{rel}","templated":true}]}}