{"id":127089,"date":"2024-07-01T13:09:28","date_gmt":"2024-07-01T17:09:28","guid":{"rendered":"https:\/\/www.campogrande.ms.gov.br\/cgnoticias\/?post_type=sec-noticias&#038;p=127089"},"modified":"2024-07-03T20:57:31","modified_gmt":"2024-07-04T00:57:31","slug":"prefeitura-lanca-primeiro-complexo-e-hospital-municipal-de-campo-grande-2","status":"publish","type":"sec-noticias","link":"https:\/\/www.campogrande.ms.gov.br\/cgnoticias\/noticia\/prefeitura-lanca-primeiro-complexo-e-hospital-municipal-de-campo-grande-2\/","title":{"rendered":"Prefeitura lan\u00e7a primeiro complexo e hospital municipal de Campo Grande"},"content":{"rendered":"<p>O primeiro complexo hospitalar municipal de Campo Grande, com capacidade de realizar cerca de 20 mil procedimentos por m\u00eas foi lan\u00e7ado na manh\u00e3 desta segunda-feira (01), no Parque Ayrton Senna. O empreendimento, que vai ampliar em 259 o n\u00famero de leitos na Capital, representa um marco na sa\u00fade p\u00fablica do munic\u00edpio e sai do papel ap\u00f3s 10 anos no Plano Municipal de Sa\u00fade.<\/p>\n<p>A abertura do processo licitat\u00f3rio para constru\u00e7\u00e3o do Hospital tamb\u00e9m foi lan\u00e7ada durante o evento. O HMCG ser\u00e1 constru\u00eddo no Bairro Ch\u00e1cara Cachoeira e a estrutura ter\u00e1 aproximadamente 15 mil metros quadrados de \u00e1rea constru\u00edda.<\/p>\n<p><img fetchpriority=\"high\" decoding=\"async\" class=\"alignnone size-full wp-image-127093\" src=\"https:\/\/prefcg-repositorio.campogrande.ms.gov.br\/wp-cdn\/uploads\/sites\/3\/2024\/07\/hmcg-2.jpeg\" alt=\"\" width=\"1600\" height=\"900\" srcset=\"https:\/\/cdn.campogrande.ms.gov.br\/portal\/prod\/uploads\/sites\/3\/2024\/07\/hmcg-2.jpeg 1600w, https:\/\/cdn.campogrande.ms.gov.br\/portal\/prod\/uploads\/sites\/3\/2024\/07\/hmcg-2-300x169.jpeg 300w, https:\/\/cdn.campogrande.ms.gov.br\/portal\/prod\/uploads\/sites\/3\/2024\/07\/hmcg-2-1024x576.jpeg 1024w, https:\/\/cdn.campogrande.ms.gov.br\/portal\/prod\/uploads\/sites\/3\/2024\/07\/hmcg-2-768x432.jpeg 768w, https:\/\/cdn.campogrande.ms.gov.br\/portal\/prod\/uploads\/sites\/3\/2024\/07\/hmcg-2-1536x864.jpeg 1536w, https:\/\/cdn.campogrande.ms.gov.br\/portal\/prod\/uploads\/sites\/3\/2024\/07\/hmcg-2-890x500.jpeg 890w, https:\/\/cdn.campogrande.ms.gov.br\/portal\/prod\/uploads\/sites\/3\/2024\/07\/hmcg-2-356x200.jpeg 356w\" sizes=\"(max-width: 1600px) 100vw, 1600px\" \/><\/p>\n<p>Durante a assinatura, a prefeita Adriane ressaltou a import\u00e2ncia da constru\u00e7\u00e3o para a sa\u00fade do munic\u00edpio e estado. \u201cN\u00f3s somos uma Capital de quase 1 milh\u00e3o de habitantes, mas que atende mais de 1,6 milh\u00f5es de pacientes do SUS, ent\u00e3o com certeza esse hospital vai somar \u00e0s vagas j\u00e1 existentes e ampliar o atendimento para a popula\u00e7\u00e3o, em uma \u00e1rea de 15 mil metros, que tamb\u00e9m \u00e9 pr\u00f3xima a outros hospitais. Com um modelo r\u00e1pido, eficiente e que se encaixa a realidade de Campo Grande\u201d.<\/p>\n<p><img decoding=\"async\" class=\"alignnone size-full wp-image-127095\" src=\"https:\/\/prefcg-repositorio.campogrande.ms.gov.br\/wp-cdn\/uploads\/sites\/3\/2024\/07\/sesau-4.jpeg\" alt=\"\" width=\"1600\" height=\"1304\" srcset=\"https:\/\/cdn.campogrande.ms.gov.br\/portal\/prod\/uploads\/sites\/3\/2024\/07\/sesau-4.jpeg 1600w, https:\/\/cdn.campogrande.ms.gov.br\/portal\/prod\/uploads\/sites\/3\/2024\/07\/sesau-4-300x245.jpeg 300w, https:\/\/cdn.campogrande.ms.gov.br\/portal\/prod\/uploads\/sites\/3\/2024\/07\/sesau-4-1024x835.jpeg 1024w, https:\/\/cdn.campogrande.ms.gov.br\/portal\/prod\/uploads\/sites\/3\/2024\/07\/sesau-4-768x626.jpeg 768w, https:\/\/cdn.campogrande.ms.gov.br\/portal\/prod\/uploads\/sites\/3\/2024\/07\/sesau-4-1536x1252.jpeg 1536w\" sizes=\"(max-width: 1600px) 100vw, 1600px\" \/><\/p>\n<p>Conforme a prefeita, ser\u00e1 poss\u00edvel ampliar a oferta de servi\u00e7os e absorver parte da demanda reprimida por exames de diagn\u00f3stico e cirurgia, ofertando mais de 20 mil procedimentos por m\u00eas, entre consultas, exames e cirurgias.<\/p>\n<p>\u201cCom a unidade em funcionamento, a Sesau ir\u00e1 conseguir absorver a demanda de pacientes que hoje se encontram nas dez unidades de urg\u00eancia e emerg\u00eancia do munic\u00edpio, al\u00e9m de boa parte da fila por exames e procedimentos de pequeno e m\u00e9dio porte que caso n\u00e3o sejam realizados com maior brevidade poss\u00edvel podem evoluir para complica\u00e7\u00f5es maiores, aumentando assim a complexidade e, consequentemente, sobrecarregando ainda mais os servi\u00e7os\u201d, diz.<\/p>\n<p><img decoding=\"async\" class=\"alignnone size-full wp-image-127094\" src=\"https:\/\/prefcg-repositorio.campogrande.ms.gov.br\/wp-cdn\/uploads\/sites\/3\/2024\/07\/sesau-3.jpeg\" alt=\"\" width=\"1600\" height=\"1490\" srcset=\"https:\/\/cdn.campogrande.ms.gov.br\/portal\/prod\/uploads\/sites\/3\/2024\/07\/sesau-3.jpeg 1600w, https:\/\/cdn.campogrande.ms.gov.br\/portal\/prod\/uploads\/sites\/3\/2024\/07\/sesau-3-300x279.jpeg 300w, https:\/\/cdn.campogrande.ms.gov.br\/portal\/prod\/uploads\/sites\/3\/2024\/07\/sesau-3-1024x954.jpeg 1024w, https:\/\/cdn.campogrande.ms.gov.br\/portal\/prod\/uploads\/sites\/3\/2024\/07\/sesau-3-768x715.jpeg 768w, https:\/\/cdn.campogrande.ms.gov.br\/portal\/prod\/uploads\/sites\/3\/2024\/07\/sesau-3-1536x1430.jpeg 1536w\" sizes=\"(max-width: 1600px) 100vw, 1600px\" \/><\/p>\n<p>O complexo ir\u00e1 reunir em um s\u00f3 local o atendimento especializado e de diagn\u00f3stico, tendo a oferta de procedimentos de cirurgia geral, como h\u00e9rnia, ves\u00edcula, oftalmologia, ortopedia e pediatria, al\u00e9m de exames de resson\u00e2ncia, tomografia, ultrassom, colonoscopia, endoscopias, entre outros.<\/p>\n<p>A Senadora Tereza Cristina tamb\u00e9m participou do lan\u00e7amento e expressou a felicidade do lan\u00e7amento na sua terra natal. \u201cPara mim \u00e9 uma felicidade participar desse lan\u00e7amento t\u00e3o importante na cidade que eu tanto amo, que eu nasci. Esse lugar que vai desafogar a rede municipal de sa\u00fade, ampliar as vagas e leitos e deixar um legado de melhora na sa\u00fade do nosso Estado\u201d.<\/p>\n<p><img loading=\"lazy\" decoding=\"async\" class=\"alignnone size-full wp-image-127096\" src=\"https:\/\/prefcg-repositorio.campogrande.ms.gov.br\/wp-cdn\/uploads\/sites\/3\/2024\/07\/senadora.jpeg\" alt=\"\" width=\"1600\" height=\"1062\" srcset=\"https:\/\/cdn.campogrande.ms.gov.br\/portal\/prod\/uploads\/sites\/3\/2024\/07\/senadora.jpeg 1600w, https:\/\/cdn.campogrande.ms.gov.br\/portal\/prod\/uploads\/sites\/3\/2024\/07\/senadora-300x199.jpeg 300w, https:\/\/cdn.campogrande.ms.gov.br\/portal\/prod\/uploads\/sites\/3\/2024\/07\/senadora-1024x680.jpeg 1024w, https:\/\/cdn.campogrande.ms.gov.br\/portal\/prod\/uploads\/sites\/3\/2024\/07\/senadora-768x510.jpeg 768w, https:\/\/cdn.campogrande.ms.gov.br\/portal\/prod\/uploads\/sites\/3\/2024\/07\/senadora-1536x1020.jpeg 1536w\" sizes=\"(max-width: 1600px) 100vw, 1600px\" \/><\/p>\n<p>Segundo estimativa da Sesau, ser\u00e3o realizadas mensalmente 1.500 interna\u00e7\u00f5es por m\u00eas, 1.000 cirurgias por m\u00eas, 2.500 atendimentos de pronto atendimento por m\u00eas, 13.500 consultas m\u00e9dicas por m\u00eas e 13.500 exames de imagem por m\u00eas.<\/p>\n<p>A secret\u00e1ria municipal de Sa\u00fade, Rosana Leite de Melo, explica que a licita\u00e7\u00e3o para escolha da empresa respons\u00e1vel pela obra ser\u00e1 publicada em di\u00e1rio oficial com detalhamento dos requisitos do processo . A previs\u00e3o \u00e9 de que a obra seja entregue em 24 meses ap\u00f3s a assinatura da ordem de servi\u00e7o.<\/p>\n<p><img loading=\"lazy\" decoding=\"async\" class=\"alignnone size-full wp-image-127097\" src=\"https:\/\/prefcg-repositorio.campogrande.ms.gov.br\/wp-cdn\/uploads\/sites\/3\/2024\/07\/sesau-5.jpeg\" alt=\"\" width=\"1280\" height=\"849\" srcset=\"https:\/\/cdn.campogrande.ms.gov.br\/portal\/prod\/uploads\/sites\/3\/2024\/07\/sesau-5.jpeg 1280w, https:\/\/cdn.campogrande.ms.gov.br\/portal\/prod\/uploads\/sites\/3\/2024\/07\/sesau-5-300x199.jpeg 300w, https:\/\/cdn.campogrande.ms.gov.br\/portal\/prod\/uploads\/sites\/3\/2024\/07\/sesau-5-1024x679.jpeg 1024w, https:\/\/cdn.campogrande.ms.gov.br\/portal\/prod\/uploads\/sites\/3\/2024\/07\/sesau-5-768x509.jpeg 768w\" sizes=\"(max-width: 1280px) 100vw, 1280px\" \/><\/p>\n<p>&#8220;A constru\u00e7\u00e3o ser\u00e1 no modelo BUILT TO SUIT que em tradu\u00e7\u00e3o livre para o portugu\u00eas quer dizer \u201cconstru\u00eddo para se adequar\u201d. \u00c9 uma esp\u00e9cie de loca\u00e7\u00e3o na qual o bem locado foi constru\u00eddo ou reformado pelo futuro locador de acordo com as exig\u00eancias e par\u00e2metros feitos pelo futuro locat\u00e1rio&#8221;, explica a secret\u00e1ria.<\/p>\n<p>A lei que regulamentou o modelo Built to suit no Brasil \u00e9 de dezembro de 2012, e reconhecida na administra\u00e7\u00e3o p\u00fablica em novembro de 2015. Algumas cidades e estados j\u00e1 v\u00eam utilizando o BTS na administra\u00e7\u00e3o p\u00fablica como Vila Velha\/ES; Fortaleza; S\u00e3o Vicente\/SP; Atibaia\/SP; Salvador, Florian\u00f3polis, Joinville\/SC al\u00e9m de Rond\u00f4nia e Cear\u00e1.<\/p>\n<p><img loading=\"lazy\" decoding=\"async\" class=\"alignnone size-full wp-image-127098\" src=\"https:\/\/prefcg-repositorio.campogrande.ms.gov.br\/wp-cdn\/uploads\/sites\/3\/2024\/07\/hmcg-3.jpeg\" alt=\"\" width=\"1600\" height=\"900\" srcset=\"https:\/\/cdn.campogrande.ms.gov.br\/portal\/prod\/uploads\/sites\/3\/2024\/07\/hmcg-3.jpeg 1600w, https:\/\/cdn.campogrande.ms.gov.br\/portal\/prod\/uploads\/sites\/3\/2024\/07\/hmcg-3-300x169.jpeg 300w, https:\/\/cdn.campogrande.ms.gov.br\/portal\/prod\/uploads\/sites\/3\/2024\/07\/hmcg-3-1024x576.jpeg 1024w, https:\/\/cdn.campogrande.ms.gov.br\/portal\/prod\/uploads\/sites\/3\/2024\/07\/hmcg-3-768x432.jpeg 768w, https:\/\/cdn.campogrande.ms.gov.br\/portal\/prod\/uploads\/sites\/3\/2024\/07\/hmcg-3-1536x864.jpeg 1536w, https:\/\/cdn.campogrande.ms.gov.br\/portal\/prod\/uploads\/sites\/3\/2024\/07\/hmcg-3-890x500.jpeg 890w, https:\/\/cdn.campogrande.ms.gov.br\/portal\/prod\/uploads\/sites\/3\/2024\/07\/hmcg-3-356x200.jpeg 356w\" sizes=\"(max-width: 1600px) 100vw, 1600px\" \/><\/p>\n<p>O HMCG foi projetado respeitando os princ\u00edpios da sustentabilidade. Ele ser\u00e1 pr\u00e9-moldado, o que permite a redu\u00e7\u00e3o de res\u00edduos durante a constru\u00e7\u00e3o, gerando menos entulho. A fachada tem 30% de cobertura de vidro facilitando a ilumina\u00e7\u00e3o natural e diminuindo a depend\u00eancia na gera\u00e7\u00e3o de energia que ser\u00e1 alternativa (solar).<\/p>\n<p>Para o presidente da Associa\u00e7\u00e3o de Moradores do Bairro Vivendas do Parque, Paulo Alves Lunguinho, o an\u00fancio da constru\u00e7\u00e3o do hospital municipal representa uma conquista para a popula\u00e7\u00e3o campo-grandense. &#8220;Tenho certeza de que ele vai suprir a necessidade dos leitos que faltam aqui na Capital, tendo em vista que muitas pessoas do interior v\u00eam para a capital e usam os leitos que poderiam ser da pr\u00f3pria popula\u00e7\u00e3o de Campo Grande&#8221;, comenta.<\/p>\n<p><img loading=\"lazy\" decoding=\"async\" class=\"alignnone size-full wp-image-127091\" src=\"https:\/\/prefcg-repositorio.campogrande.ms.gov.br\/wp-cdn\/uploads\/sites\/3\/2024\/07\/sesa.jpeg\" alt=\"\" width=\"1600\" height=\"1062\" srcset=\"https:\/\/cdn.campogrande.ms.gov.br\/portal\/prod\/uploads\/sites\/3\/2024\/07\/sesa.jpeg 1600w, https:\/\/cdn.campogrande.ms.gov.br\/portal\/prod\/uploads\/sites\/3\/2024\/07\/sesa-300x199.jpeg 300w, https:\/\/cdn.campogrande.ms.gov.br\/portal\/prod\/uploads\/sites\/3\/2024\/07\/sesa-1024x680.jpeg 1024w, https:\/\/cdn.campogrande.ms.gov.br\/portal\/prod\/uploads\/sites\/3\/2024\/07\/sesa-768x510.jpeg 768w, https:\/\/cdn.campogrande.ms.gov.br\/portal\/prod\/uploads\/sites\/3\/2024\/07\/sesa-1536x1020.jpeg 1536w\" sizes=\"(max-width: 1600px) 100vw, 1600px\" \/><\/p>\n<p>O presidente da Associa\u00e7\u00e3o de Moradores do Conjunto Habitacional Aero Rancho Setor 6, Adejair Nabhan de Oliveira, tamb\u00e9m comemorou mais esse avan\u00e7o para a sa\u00fade de Campo Grande.<\/p>\n<p>&#8220;N\u00f3s estamos muito felizes com o an\u00fancio da constru\u00e7\u00e3o do hospital. Recentemente nossa regi\u00e3o foi contemplada com a reforma do Complexo de Sa\u00fade do Aero Rancho. Hoje, no complexo, temos o CAPS Aero Rancho, a USF Aero Rancho e o CRS 24 Horas Aero Rancho&#8221;, concluiu.<\/p>\n<p><img loading=\"lazy\" decoding=\"async\" class=\"alignnone size-full wp-image-127092\" src=\"https:\/\/prefcg-repositorio.campogrande.ms.gov.br\/wp-cdn\/uploads\/sites\/3\/2024\/07\/sesau-2.jpeg\" alt=\"\" width=\"1600\" height=\"1062\" srcset=\"https:\/\/cdn.campogrande.ms.gov.br\/portal\/prod\/uploads\/sites\/3\/2024\/07\/sesau-2.jpeg 1600w, https:\/\/cdn.campogrande.ms.gov.br\/portal\/prod\/uploads\/sites\/3\/2024\/07\/sesau-2-300x199.jpeg 300w, https:\/\/cdn.campogrande.ms.gov.br\/portal\/prod\/uploads\/sites\/3\/2024\/07\/sesau-2-1024x680.jpeg 1024w, https:\/\/cdn.campogrande.ms.gov.br\/portal\/prod\/uploads\/sites\/3\/2024\/07\/sesau-2-768x510.jpeg 768w, https:\/\/cdn.campogrande.ms.gov.br\/portal\/prod\/uploads\/sites\/3\/2024\/07\/sesau-2-1536x1020.jpeg 1536w\" sizes=\"(max-width: 1600px) 100vw, 1600px\" \/><\/p>\n<p><strong>HMCG<\/strong><\/p>\n<p>O hospital contar\u00e1 com 259 leitos, sendo 49 de pronto atendimento, 20 leitos CTI (10 pedi\u00e1tricos e 10 adultos) e 190 leitos de enfermaria (60 pedi\u00e1tricos, 60 adultos para homens e 70 adultos para mulheres). Ter\u00e1 UTI para adultos e pedi\u00e1trica, 10 salas de cirurgia, 53 consult\u00f3rios e 19 salas de exame, incluindo audiometria, eletrocardiograma, eletroencefalograma, eletroneuromiografia, ecocardiograma, ergometria, hemodin\u00e2mica, mamografia, radiografia, resson\u00e2ncia magn\u00e9tica, tomografia, ultrassonografia, endoscopia e colonoscopia.<\/p>\n<p>O HMCG ter\u00e1 quatro pavimentos, sendo um subsolo, t\u00e9rreo, primeiro e segundo andares, al\u00e9m de um centro de diagn\u00f3sticos, laborat\u00f3rio, guarita, jardim e estacionamento com 225 vagas. No total, o hospital ocupar\u00e1 uma \u00e1rea de 14.914 metros quadrados.<\/p>\n<p><img loading=\"lazy\" decoding=\"async\" class=\"alignnone size-full wp-image-127099\" src=\"https:\/\/prefcg-repositorio.campogrande.ms.gov.br\/wp-cdn\/uploads\/sites\/3\/2024\/07\/hmcg-4.jpeg\" alt=\"\" width=\"1280\" height=\"720\" srcset=\"https:\/\/cdn.campogrande.ms.gov.br\/portal\/prod\/uploads\/sites\/3\/2024\/07\/hmcg-4.jpeg 1280w, https:\/\/cdn.campogrande.ms.gov.br\/portal\/prod\/uploads\/sites\/3\/2024\/07\/hmcg-4-300x169.jpeg 300w, https:\/\/cdn.campogrande.ms.gov.br\/portal\/prod\/uploads\/sites\/3\/2024\/07\/hmcg-4-1024x576.jpeg 1024w, https:\/\/cdn.campogrande.ms.gov.br\/portal\/prod\/uploads\/sites\/3\/2024\/07\/hmcg-4-768x432.jpeg 768w, https:\/\/cdn.campogrande.ms.gov.br\/portal\/prod\/uploads\/sites\/3\/2024\/07\/hmcg-4-890x500.jpeg 890w, https:\/\/cdn.campogrande.ms.gov.br\/portal\/prod\/uploads\/sites\/3\/2024\/07\/hmcg-4-356x200.jpeg 356w\" sizes=\"(max-width: 1280px) 100vw, 1280px\" \/><\/p>\n<p>O investimento previsto na constru\u00e7\u00e3o \u00e9 de R$ 210 milh\u00f5es. O mobili\u00e1rio, incluindo m\u00f3veis, equipamentos m\u00e9dicos e hospitalares, ter\u00e1 um custo aproximado de R$ 80 milh\u00f5es de reais. A manuten\u00e7\u00e3o de elevadores, jardim, ar condicionado, seguran\u00e7a, dedetiza\u00e7\u00e3o e outros servi\u00e7os, denominada &#8220;facilite&#8221;, ter\u00e1 um gasto aproximado de R$ 20 milh\u00f5es ano e ficar\u00e1 a cargo da empresa que construir o pr\u00e9dio. A previs\u00e3o de entrega \u00e9 de 24 meses a partir de julho de 2024. O tempo de contrato de aluguel ainda ser\u00e1 determinado.<\/p>\n","protected":false},"author":463,"featured_media":127090,"template":"","meta":{"custom_icon_class":"","footnotes":""},"categories":[40],"tags":[],"class_list":["post-127089","sec-noticias","type-sec-noticias","status-publish","has-post-thumbnail","hentry","category-saude"],"acf":[],"_links":{"self":[{"href":"https:\/\/www.campogrande.ms.gov.br\/cgnoticias\/wp-json\/wp\/v2\/sec-noticias\/127089"}],"collection":[{"href":"https:\/\/www.campogrande.ms.gov.br\/cgnoticias\/wp-json\/wp\/v2\/sec-noticias"}],"about":[{"href":"https:\/\/www.campogrande.ms.gov.br\/cgnoticias\/wp-json\/wp\/v2\/types\/sec-noticias"}],"author":[{"embeddable":true,"href":"https:\/\/www.campogrande.ms.gov.br\/cgnoticias\/wp-json\/wp\/v2\/users\/463"}],"version-history":[{"count":3,"href":"https:\/\/www.campogrande.ms.gov.br\/cgnoticias\/wp-json\/wp\/v2\/sec-noticias\/127089\/revisions"}],"predecessor-version":[{"id":127155,"href":"https:\/\/www.campogrande.ms.gov.br\/cgnoticias\/wp-json\/wp\/v2\/sec-noticias\/127089\/revisions\/127155"}],"wp:featuredmedia":[{"embeddable":true,"href":"https:\/\/www.campogrande.ms.gov.br\/cgnoticias\/wp-json\/wp\/v2\/media\/127090"}],"wp:attachment":[{"href":"https:\/\/www.campogrande.ms.gov.br\/cgnoticias\/wp-json\/wp\/v2\/media?parent=127089"}],"wp:term":[{"taxonomy":"category","embeddable":true,"href":"https:\/\/www.campogrande.ms.gov.br\/cgnoticias\/wp-json\/wp\/v2\/categories?post=127089"},{"taxonomy":"post_tag","embeddable":true,"href":"https:\/\/www.campogrande.ms.gov.br\/cgnoticias\/wp-json\/wp\/v2\/tags?post=127089"}],"curies":[{"name":"wp","href":"https:\/\/api.w.org\/{rel}","templated":true}]}}