{"id":126746,"date":"2024-06-26T09:43:25","date_gmt":"2024-06-26T13:43:25","guid":{"rendered":"https:\/\/www.campogrande.ms.gov.br\/cgnoticias\/?post_type=sec-noticias&#038;p=126746"},"modified":"2024-06-26T09:51:10","modified_gmt":"2024-06-26T13:51:10","slug":"prefeitura-de-campo-grande-convoca-professores-para-o-programa-ms-alfabetiza","status":"publish","type":"sec-noticias","link":"https:\/\/www.campogrande.ms.gov.br\/cgnoticias\/noticia\/prefeitura-de-campo-grande-convoca-professores-para-o-programa-ms-alfabetiza\/","title":{"rendered":"Prefeitura de Campo Grande convoca professores para o Programa MS Alfabetiza"},"content":{"rendered":"<p style=\"font-weight: 400\">A Prefeitura de Campo Grande, atrav\u00e9s da Secretaria Municipal de Educa\u00e7\u00e3o (SEMED), em parceria com a Secretaria Estadual de Educa\u00e7\u00e3o, publicou um edital em conjunto de n\u00famero 7\/2024, para convoca\u00e7\u00e3o dos candidatos aprovados no processo seletivo para formador municipal, referente ao Programa MS Alfabetiza &#8211; Todos pela Alfabetiza\u00e7\u00e3o da Crian\u00e7a e Compromisso Nacional Crian\u00e7a Alfabetizada, de Campo Grande.<\/p>\n<p style=\"font-weight: 400\">A convoca\u00e7\u00e3o dos tr\u00eas candidatos foi publicada no Diogrande desta quarta-feira (26) e \u00e9 para a entrega de documenta\u00e7\u00e3o e assinatura do termo de compromisso, dos servidores que comp\u00f5em o cadastro de reserva dos aprovados no processo seletivo para formador do 1\u00ba ao 5\u00ba ano do Ensino Fundamental.<\/p>\n<p style=\"font-weight: 400\">Os candidatos aprovados no processo seletivo para formador devem enviar c\u00f3pia das documenta\u00e7\u00f5es exigidas, pelo e-mail\u00a0<a href=\"mailto:msalfabetiza.cg@gmail.com\">msalfabetiza.cg@gmail.com<\/a>, e comparecerem para a assinatura do termo de compromisso, at\u00e9 o dia 26 de junho, no per\u00edodo matutino, das 8 \u00e0s 11h, na Superintend\u00eancia de Pol\u00edticas Educacionais (SUPED) desta Secretaria, na Rua Onicieto Severo Monteiro, 460, Vila Margarida.<\/p>\n<p style=\"font-weight: 400\">Ainda segundo o edital, os candidatos convocados que n\u00e3o enviarem a documenta\u00e7\u00e3o exigida e n\u00e3o comparecerem para a assinatura do termo de compromisso, na data, local e hor\u00e1rio definidos, ser\u00e3o considerados desistentes do processo seletivo e n\u00e3o atuar\u00e3o no Programa MS Alfabetiza.<\/p>\n<p style=\"font-weight: 400\">Para conferir a documenta\u00e7\u00e3o exigida e o nome dos convocados, basta acessar o Diogrande a partir da p\u00e1gina 19:\u00a0<a href=\"https:\/\/diogrande.campogrande.ms.gov.br\/download_edicao\/eyJjb2RpZ29kaWEiOiI5Mjk2In0%3D.pdf\" data-saferedirecturl=\"https:\/\/www.google.com\/url?q=https:\/\/diogrande.campogrande.ms.gov.br\/download_edicao\/eyJjb2RpZ29kaWEiOiI5Mjk2In0%253D.pdf&amp;source=gmail&amp;ust=1719495015586000&amp;usg=AOvVaw1bJPricL06ZuHLMzYPCjtB\">https:\/\/diogrande.campogrande.ms.gov.br\/download_edicao\/eyJjb2RpZ29kaWEiOiI5Mjk2In0%3D.pdf<\/a><\/p>\n","protected":false},"author":310,"featured_media":126743,"template":"","meta":{"custom_icon_class":"","footnotes":""},"categories":[38],"tags":[],"class_list":["post-126746","sec-noticias","type-sec-noticias","status-publish","has-post-thumbnail","hentry","category-educacao"],"acf":[],"_links":{"self":[{"href":"https:\/\/www.campogrande.ms.gov.br\/cgnoticias\/wp-json\/wp\/v2\/sec-noticias\/126746"}],"collection":[{"href":"https:\/\/www.campogrande.ms.gov.br\/cgnoticias\/wp-json\/wp\/v2\/sec-noticias"}],"about":[{"href":"https:\/\/www.campogrande.ms.gov.br\/cgnoticias\/wp-json\/wp\/v2\/types\/sec-noticias"}],"author":[{"embeddable":true,"href":"https:\/\/www.campogrande.ms.gov.br\/cgnoticias\/wp-json\/wp\/v2\/users\/310"}],"version-history":[{"count":2,"href":"https:\/\/www.campogrande.ms.gov.br\/cgnoticias\/wp-json\/wp\/v2\/sec-noticias\/126746\/revisions"}],"predecessor-version":[{"id":126749,"href":"https:\/\/www.campogrande.ms.gov.br\/cgnoticias\/wp-json\/wp\/v2\/sec-noticias\/126746\/revisions\/126749"}],"wp:featuredmedia":[{"embeddable":true,"href":"https:\/\/www.campogrande.ms.gov.br\/cgnoticias\/wp-json\/wp\/v2\/media\/126743"}],"wp:attachment":[{"href":"https:\/\/www.campogrande.ms.gov.br\/cgnoticias\/wp-json\/wp\/v2\/media?parent=126746"}],"wp:term":[{"taxonomy":"category","embeddable":true,"href":"https:\/\/www.campogrande.ms.gov.br\/cgnoticias\/wp-json\/wp\/v2\/categories?post=126746"},{"taxonomy":"post_tag","embeddable":true,"href":"https:\/\/www.campogrande.ms.gov.br\/cgnoticias\/wp-json\/wp\/v2\/tags?post=126746"}],"curies":[{"name":"wp","href":"https:\/\/api.w.org\/{rel}","templated":true}]}}