{"id":126657,"date":"2024-06-25T10:56:24","date_gmt":"2024-06-25T14:56:24","guid":{"rendered":"https:\/\/www.campogrande.ms.gov.br\/cgnoticias\/?post_type=sec-noticias&#038;p=126657"},"modified":"2024-06-25T11:16:49","modified_gmt":"2024-06-25T15:16:49","slug":"campo-grande-sedia-2o-congresso-nacional-e-estadual-mulheres-pela-paridade-compar-2","status":"publish","type":"sec-noticias","link":"https:\/\/www.campogrande.ms.gov.br\/cgnoticias\/noticia\/campo-grande-sedia-2o-congresso-nacional-e-estadual-mulheres-pela-paridade-compar-2\/","title":{"rendered":"Campo Grande sedia 2\u00ba Congresso Nacional e Estadual Mulheres pela Paridade (Compar)"},"content":{"rendered":"<p>Organizado pelo F\u00f3rum Permanente pela Paridade Institucional e Pol\u00edtica das Mulheres, correalizado pela Prefeitura, Campo Grande sedia nesta pr\u00f3xima quinta (27) e sexta-feira (28) o 2\u00ba Congresso Nacional e Estadual Mulheres pela Paridade (COMPAR), atrav\u00e9s da Subsecretaria Municipal de Pol\u00edticas para as Mulheres (Semu). Com o tema \u201cIgualdade, Paridade e Democracia\u201d, nesta edi\u00e7\u00e3o o congresso visa ampliar o di\u00e1logo e fomentar iniciativas associadas a paridade e igualdade de g\u00eanero na sociedade.<\/p>\n<p>O COMPAR ser\u00e1 realizado no Centro de Conven\u00e7\u00f5es Arquiteto Rubens Gil de Camillo, com pain\u00e9is e palestras no per\u00edodo matutino e vespertino, contando com a presen\u00e7a de especialistas renomados que compartilhar\u00e3o a sua vis\u00e3o sobre os mais variados temas associados a equidade e paridade.<\/p>\n<p>Segmentado a acad\u00eamicos, outro destaque especial desta edi\u00e7\u00e3o ser\u00e1 a realiza\u00e7\u00e3o do 1\u00ba Evento Cient\u00edfico, marcado para amanh\u00e3, quarta-feira (26), em parceria com a Faculdade Insted. Para a submiss\u00e3o ser\u00e3o aceitos resumos que se enquadrem em um dos quatro eixos, quais sejam: Eixo I: A mulher nos espa\u00e7os de poder contempor\u00e2neo; Eixo II: Feminismo, g\u00eanero e pol\u00edticas p\u00fablicas; Eixo III: Historicidade, ci\u00eancia e pesquisa: a constru\u00e7\u00e3o da mulher brasileira e Eixo IV: Conquistas e desafios no direito e desafios no direito das mulheres.<\/p>\n<p>Os participantes ter\u00e3o a oportunidade de escolher entre duas modalidades de participa\u00e7\u00e3o: o evento acad\u00eamico, que inclui apresenta\u00e7\u00f5es de trabalhos, e o evento cultural, composto por palestras e pain\u00e9is.<\/p>\n<p>Os interessados poder\u00e3o se inscrever em uma ou ambas as modalidades, conforme suas prefer\u00eancias e interesses individuais. As inscri\u00e7\u00f5es s\u00e3o gratuitas e devem ser realizadas por meio do endere\u00e7o eletr\u00f4nico: https:\/\/shre.ink\/Doitycompar . As vagas s\u00e3o limitadas.<\/p>\n<p>Mais informa\u00e7\u00f5es podem ser obtidas atrav\u00e9s dos telefones (67) 3201-5999 (INSTED evento cient\u00edfico) (67) 2020-1280 (SEMU \u2013 evento cultural).<\/p>\n<p><strong><br \/>\nServi\u00e7o:<\/strong><\/p>\n<p><strong>Evento: 2\u00ba Congresso Nacional e Estadual Mulheres pela Paridade (COMPAR)<br \/>\n<\/strong>Data: Dias 27 e 28 de junho<br \/>\nHor\u00e1rio: das 8h \u00e0s 17h<br \/>\nLocal: Centro de Conven\u00e7\u00f5es Arquiteto Rubens Gil de Camillo<br \/>\nEndere\u00e7o: Av. Waldir dos Santos Pereira, s\/n \u2013 Parque dos Poderes<br \/>\nInscri\u00e7\u00f5es:\u00a0<a href=\"https:\/\/shre.ink\/Doitycompar\">https:\/\/shre.ink\/Doitycompar<\/a><\/p>\n<p>&nbsp;<\/p>\n<p><strong>Sobre o F\u00f3um<\/strong><\/p>\n<p>O F\u00f3rum Permanente pela Paridade Institucional e Pol\u00edtica das Mulheres foi institu\u00eddo com o objetivo de promover a igualdade, oportunidade e lideran\u00e7a para as mulheres, garantindo a participa\u00e7\u00e3o plena e efetiva das mesmas, atrav\u00e9s de pol\u00edticas p\u00fablicas s\u00f3lidas e legisla\u00e7\u00e3o aplic\u00e1vel para o empoderamento de todas as mulheres e meninas em todos os n\u00edveis, por meio da promo\u00e7\u00e3o e apoio \u00e0 sua forma\u00e7\u00e3o pol\u00edtica, atuando na constru\u00e7\u00e3o de ferramentas que possibilitem a cria\u00e7\u00e3o de indicadores sobre a realidade da participa\u00e7\u00e3o da mulher nos espa\u00e7os de poder e decis\u00e3o.<\/p>\n<p>O F\u00f3rum surgiu em conson\u00e2ncia com Agenda 2030 de Desenvolvimento Sustent\u00e1vel, que definiu 169 metas globais, incluindo a igualdade de g\u00eanero (objetivo 5 &#8211; ODS). A ONU Mulheres lan\u00e7ou a iniciativa global \u201cPor um planeta 50-50 em 2030: um passo decisivo pela igualdade de g\u00eanero\u201d, com compromissos concretos assumidos por mais de 90 pa\u00edses.<\/p>\n<p><strong>Programa\u00e7\u00e3o<\/strong><\/p>\n<p><strong>Primeiro dia \u2013 27 de junho<\/strong><\/p>\n<p><strong>8h00<\/strong> \u2013 Credenciamento;<br \/>\n<strong>8h30<\/strong> \u2013 Solenidade de abertura;<br \/>\n<strong>10h00<\/strong> \u2013 Palestra Magna: Soraya Santos \u2013 Deputada Federal e Procuradora da Mulher na C\u00e2mara dos Deputados;<br \/>\n<strong>11h00<\/strong> \u2013 Coffee Break e Intervalo de Almo\u00e7o (Livre);<br \/>\n<strong>13h30<\/strong> \u2013 Painel 1 \u201cImpactos da Presen\u00e7a de Mulheres nos Setores de Infraestrutura, Tecnologia, Empreendedorismo e Carreiras P\u00fablicas\u201d Mediadora: Sandra Amarilha \u2013 Diretora T\u00e9cnica do Sebrae\/MS<br \/>\nPainelistas: Milene Cunha \u2013 Conselheira Substituta do Tribunal de Contas do Estado do Par\u00e1 e Presidente da Associa\u00e7\u00e3o Nacional dos Ministros e Conselheiros Substitutos dos Tribunais de Contas; Marcia Martini \u2013 Diretora e co-fundadora do grupo Infra Woman; Janete Ana Ribeiro Vaz \u2013 Co-fundadora e vice-presidente do Conselho do Grupo Sabin<br \/>\n<strong>14h45<\/strong> \u2013 Coffee Break e Lan\u00e7amento do Livro ELLAS da coordenadora \/ co-autora lacita Azamor Pionti;<br \/>\n<strong>15h00<\/strong> \u2013 Painel 2- \u201cO Reflexo da Desigualdade de G\u00eanero, Ra\u00e7a, Classe e Defici\u00eancia no Mundo do Trabalho e da Pol\u00edtica\u201d Mediadora: Maria Auxiliadora Budib \u2013 vice-presidente da Federa\u00e7\u00e3o Brasileira de Ginecologia e Obstetr\u00edcia (Regi\u00e3o Centro-Oeste) e diretora de Assist\u00eancia Sa\u00fade da CASSEMS; Painelistas: Samara Patax\u00f3 \u2013 Advogada e servidora do TSE; Tau\u00e1 Louren\u00e7o Pires \u2013 Diretora de Incid\u00eancia e Apoio \u00e0 Mulher na Pol\u00edtica do Instituto Alziras; ,Anna Paula Feminela \u2013 Secret\u00e1ria Nacional de Pessoa com Defici\u00eancia do Minist\u00e9rio dos Direitos Humanos; Danielle Olivares Corr\u00eaa \u2013 Procuradora do Trabalho da PRT15\u00aa Regi\u00e3o e coordenadora do COORDIGUALDADE;<br \/>\n<strong>17h00<\/strong> \u2013 Encerramento<\/p>\n<p><strong>Segundo dia \u2013 28 de junho<\/strong><\/p>\n<p><strong>8h30<\/strong> \u2013 Coffee Break e lan\u00e7amento do livro Curso de Direito Processual Civil: Volume 3 \u2013 Tutela Executiva, dos autores Olavo de Oliveira Neto e Patr\u00edcia Elias Cozzolino de Oliveira;<br \/>\n<strong>9h00<\/strong> \u2013 Painel 3 \u2013 \u201cA Evolu\u00e7\u00e3o da Paridade de G\u00eanero no Sistema de Justi\u00e7a Brasileiro\u201d Mediadora: Mariana Yoshida \u2013 Ju\u00edza de Direito do Tribunal de Justi\u00e7a de MS; Palestrantes: Salise Sanchotene \u2013 Desembargadora Federal do TRF 4\u00aa Regi\u00e3o. Conselheira CNJ; Rivana Ricarte \u2013 Defensora P\u00fablica, presidente da Associa\u00e7\u00e3o Nacional das Defensoras e Defensores P\u00fablicos; na Lara Camargo de Castro \u2013 Procuradora de Justi\u00e7a do Minist\u00e9rio P\u00fablico de MS; Raquel Gallinati \u2013 Delegada de Pol\u00edcia Judici\u00e1ria. Diretora da ADEPOL Nacional; Rejane Silva S\u00e1nchez \u2013 Vice-presidente da Comiss\u00e3o Nacional da Mulher, advogada da OAB;<br \/>\n<strong>11h00<\/strong> \u2013 Intervalo de Almo\u00e7o (Livre);<br \/>\n<strong>13h30<\/strong>&#8211; Painel 4- \u201cA Constru\u00e7\u00e3o dos Direitos das Mulheres\u201d Mediadora: Silmara Amarilla -Doutora em Direito pela PUC-SP e diretora adjunta da Escola Judici\u00e1ria do TER-MS; Painelistas: Edilene L\u00f4bo \u2013 Ministra do Tribunal Superior Eleitoral; Maria Aparecida Gurgel \u2013 Vice-procuradora-geral do Trabalho; Jaceguara Dantas da Silva \u2013 Desembargadora do Tribunal de Justi\u00e7a de MS e ouvidora Auxiliar Regional da Mulher da Regi\u00e3o Centro-Oeste (Portaria n\u00b0 84\/2023-CNJ);<br \/>\n<strong>15h10<\/strong> \u2013 Coffee break<br \/>\n<strong>15h30<\/strong> \u2013 Palestra de Encerramento: \u201cIgualdade, Paridade e Democracia\u201d com Gabriela Prioli \u2013 Advogada, professora, apresentadora GNT;<br \/>\n<strong>16h30<\/strong> \u2013 Apresenta\u00e7\u00e3o da Carta do Congresso;<br \/>\n<strong>17h00<\/strong> \u2013 Encerramento.<\/p>\n<p>&nbsp;<\/p>\n","protected":false},"author":310,"featured_media":126658,"template":"","meta":{"custom_icon_class":"","footnotes":""},"categories":[23],"tags":[],"class_list":["post-126657","sec-noticias","type-sec-noticias","status-publish","has-post-thumbnail","hentry","category-mulher"],"acf":[],"_links":{"self":[{"href":"https:\/\/www.campogrande.ms.gov.br\/cgnoticias\/wp-json\/wp\/v2\/sec-noticias\/126657"}],"collection":[{"href":"https:\/\/www.campogrande.ms.gov.br\/cgnoticias\/wp-json\/wp\/v2\/sec-noticias"}],"about":[{"href":"https:\/\/www.campogrande.ms.gov.br\/cgnoticias\/wp-json\/wp\/v2\/types\/sec-noticias"}],"author":[{"embeddable":true,"href":"https:\/\/www.campogrande.ms.gov.br\/cgnoticias\/wp-json\/wp\/v2\/users\/310"}],"version-history":[{"count":2,"href":"https:\/\/www.campogrande.ms.gov.br\/cgnoticias\/wp-json\/wp\/v2\/sec-noticias\/126657\/revisions"}],"predecessor-version":[{"id":126665,"href":"https:\/\/www.campogrande.ms.gov.br\/cgnoticias\/wp-json\/wp\/v2\/sec-noticias\/126657\/revisions\/126665"}],"wp:featuredmedia":[{"embeddable":true,"href":"https:\/\/www.campogrande.ms.gov.br\/cgnoticias\/wp-json\/wp\/v2\/media\/126658"}],"wp:attachment":[{"href":"https:\/\/www.campogrande.ms.gov.br\/cgnoticias\/wp-json\/wp\/v2\/media?parent=126657"}],"wp:term":[{"taxonomy":"category","embeddable":true,"href":"https:\/\/www.campogrande.ms.gov.br\/cgnoticias\/wp-json\/wp\/v2\/categories?post=126657"},{"taxonomy":"post_tag","embeddable":true,"href":"https:\/\/www.campogrande.ms.gov.br\/cgnoticias\/wp-json\/wp\/v2\/tags?post=126657"}],"curies":[{"name":"wp","href":"https:\/\/api.w.org\/{rel}","templated":true}]}}