{"id":123360,"date":"2024-05-11T07:00:57","date_gmt":"2024-05-11T11:00:57","guid":{"rendered":"https:\/\/www.campogrande.ms.gov.br\/cgnoticias\/?post_type=sec-noticias&#038;p=123360"},"modified":"2024-05-11T12:40:48","modified_gmt":"2024-05-11T16:40:48","slug":"prefeitura-entrega-certificado-a-conselheiros-regionais-que-participaram-de-programa-inedito-de-capacitacao","status":"publish","type":"sec-noticias","link":"https:\/\/www.campogrande.ms.gov.br\/cgnoticias\/noticia\/prefeitura-entrega-certificado-a-conselheiros-regionais-que-participaram-de-programa-inedito-de-capacitacao\/","title":{"rendered":"Prefeitura entrega certificado a Conselheiros Regionais que participaram de Programa in\u00e9dito de Capacita\u00e7\u00e3o"},"content":{"rendered":"<p>A Prefeitura de Campo Grande, por interm\u00e9dio da Ag\u00eancia Municipal de Meio Ambiente e Planejamento Urbano (Planurb) e em parceria com a Faculdade Insted realizaram na noite desta sexta-feira (10) a formatura de 76 Conselheiros Regionais que participaram do Programa de Capacita\u00e7\u00e3o dos Conselheiros Regionais. O evento aconteceu no Audit\u00f3rio da Faculdade Insted.<\/p>\n<p>Lan\u00e7ado em abril de 2023, o programa contou com carga hor\u00e1ria de 470 horas de atividades te\u00f3ricas e pr\u00e1ticas que abordaram os conceitos de administra\u00e7\u00e3o p\u00fablica, gest\u00e3o ambiental e sustentabilidade e planejamento urbano. O Plano Diretor de Desenvolvimento Urbano Ambiental de Campo Grande (PDDUA) prev\u00ea a participa\u00e7\u00e3o comunit\u00e1ria e o controle social das a\u00e7\u00f5es p\u00fablicas, sendo que a efetiva\u00e7\u00e3o do desenvolvimento de Campo Grande depende fundamentalmente do bom desempenho dos Conselheiros Regionais, como representantes da sociedade civil organizada, no cumprimento de suas atribui\u00e7\u00f5es.<\/p>\n<p>\u201c\u00c9 a primeira vez que a gest\u00e3o p\u00fablica capacita seus conselheiros regionais, e esta iniciativa traz benef\u00edcios para a cidade, levando para as comunidades aquilo que elas realmente anseiam. \u00c9 uma a\u00e7\u00e3o de valoriza\u00e7\u00e3o dos conselheiros regionais, pela importante contribui\u00e7\u00e3o no desenvolvimento, auxiliando nas tomadas de decis\u00f5es e melhorias para Campo Grande\u201d, pontua a Prefeita Adriane.<\/p>\n<p>Quem est\u00e1 muito feliz com a conclus\u00e3o do Curso de Capacita\u00e7\u00e3o, \u00e9 a conselheira regional da Regi\u00e3o Urbana do Anhanduizinho, Elaine Bitencourt. \u201cAdorei o curso. Foi um momento de aprendizado muito importante para os conselheiros, aprendi muitas coisas. Obrigada a Prefeitura de Campo Grande pela excelente iniciativa e que venham novas oportunidades\u201d, comenta a conselheira.<\/p>\n<p>\u201cFoi muito importante a participa\u00e7\u00e3o no Programa de Capacita\u00e7\u00e3o, pois contribuiu para o aprendizado de como uma gest\u00e3o p\u00fablica pode e deve ser eficiente e eficaz para o desenvolvimento da cidade e melhoria de vida dos mun\u00edcipes. Me auxiliou no entendimento das fun\u00e7\u00f5es desenvolvidas pelos conselheiros regionais, o que corrobora para uma melhor compreens\u00e3o e efic\u00e1cia no papel do conselheiro perante a comunidade em que ele representa\u201d, comenta a conselheira regional da Regi\u00e3o Urbana do Anhanduizinho, Liliana Simionatto.<\/p>\n<p>A conselheira regional da Regi\u00e3o Urbana do Prosa, Lindamar Rodrigues tamb\u00e9m est\u00e1 muito feliz com a realiza\u00e7\u00e3o do Programa de Capacita\u00e7\u00e3o e se diz grata pela oportunidade oferecida pela administra\u00e7\u00e3o municipal. &#8220;O sentimento \u00e9 de gratid\u00e3o, feliz por concluir o curso. Os conselheiros regionais s\u00e3o o elo mais importante entre o Poder P\u00fablico e a sociedade civil organizada e esse est\u00edmulo e prepara\u00e7\u00e3o proporcionado pela gest\u00e3o municipal \u00e9 determinante na melhoria da qualidade de suporte oferecido e no aprimoramento dos servi\u00e7os oferecidos \u00e0s comunidades&#8221;.<\/p>\n<p>&#8220;A efetiva\u00e7\u00e3o do desenvolvimento de Campo Grande depende, fundamentalmente, do bom desempenho dos conselheiros regionais e essa capacita\u00e7\u00e3o ajudou a ampliar os conhecimentos sobre o territ\u00f3rio e seus diversos elementos de identidade\u201d, afirma a diretora-presidente da Planurb, Berenice Maria Jacob Domingues.<\/p>\n<p>Ao todo, s\u00e3o 492 conselheiros em toda Campo Grande, compondo os 7 Conselhos Regionais, sendo 109 no Conselho Regional da Regi\u00e3o Urbana do Anhanduizinho; 59 no Conselho Regional da Regi\u00e3o Urbana do Bandeira; 46 no Conselho Regional da Regi\u00e3o Urbana do Centro; 73 no Conselho Regional da Regi\u00e3o Urbana do Imbirussu; 73 no Conselho Regional da Regi\u00e3o Urbana do Lagoa; 55 no Conselho Regional da Regi\u00e3o Urbana do Prosa; e, 77 Conselho Regional da Regi\u00e3o Urbana do Segredo.<\/p>\n<p>#pratodosverem\u00a0 \u00a0<em>A mat\u00e9ria possui uma foto que mostra a diretora-presidente da Planurb, Berenice Maria Jacob Domingues, falando aos conselheiros regionais certificados, durante a cerim\u00f4nia realizado no audit\u00f3rio Faculdade Insted.<\/em><\/p>\n","protected":false},"author":464,"featured_media":123363,"template":"","meta":{"custom_icon_class":"","footnotes":""},"categories":[5],"tags":[],"class_list":["post-123360","sec-noticias","type-sec-noticias","status-publish","has-post-thumbnail","hentry","category-acoes-da-prefeitura"],"acf":[],"_links":{"self":[{"href":"https:\/\/www.campogrande.ms.gov.br\/cgnoticias\/wp-json\/wp\/v2\/sec-noticias\/123360"}],"collection":[{"href":"https:\/\/www.campogrande.ms.gov.br\/cgnoticias\/wp-json\/wp\/v2\/sec-noticias"}],"about":[{"href":"https:\/\/www.campogrande.ms.gov.br\/cgnoticias\/wp-json\/wp\/v2\/types\/sec-noticias"}],"author":[{"embeddable":true,"href":"https:\/\/www.campogrande.ms.gov.br\/cgnoticias\/wp-json\/wp\/v2\/users\/464"}],"version-history":[{"count":3,"href":"https:\/\/www.campogrande.ms.gov.br\/cgnoticias\/wp-json\/wp\/v2\/sec-noticias\/123360\/revisions"}],"predecessor-version":[{"id":123377,"href":"https:\/\/www.campogrande.ms.gov.br\/cgnoticias\/wp-json\/wp\/v2\/sec-noticias\/123360\/revisions\/123377"}],"wp:featuredmedia":[{"embeddable":true,"href":"https:\/\/www.campogrande.ms.gov.br\/cgnoticias\/wp-json\/wp\/v2\/media\/123363"}],"wp:attachment":[{"href":"https:\/\/www.campogrande.ms.gov.br\/cgnoticias\/wp-json\/wp\/v2\/media?parent=123360"}],"wp:term":[{"taxonomy":"category","embeddable":true,"href":"https:\/\/www.campogrande.ms.gov.br\/cgnoticias\/wp-json\/wp\/v2\/categories?post=123360"},{"taxonomy":"post_tag","embeddable":true,"href":"https:\/\/www.campogrande.ms.gov.br\/cgnoticias\/wp-json\/wp\/v2\/tags?post=123360"}],"curies":[{"name":"wp","href":"https:\/\/api.w.org\/{rel}","templated":true}]}}