{"id":122380,"date":"2024-04-26T09:00:05","date_gmt":"2024-04-26T13:00:05","guid":{"rendered":"https:\/\/www.campogrande.ms.gov.br\/cgnoticias\/?post_type=sec-noticias&#038;p=122380"},"modified":"2024-04-26T10:49:39","modified_gmt":"2024-04-26T14:49:39","slug":"projeto-parque-dos-ipes-e-apresentado-em-forum-internacional-e-escolhido-como-destaque","status":"publish","type":"sec-noticias","link":"https:\/\/www.campogrande.ms.gov.br\/cgnoticias\/noticia\/projeto-parque-dos-ipes-e-apresentado-em-forum-internacional-e-escolhido-como-destaque\/","title":{"rendered":"Projeto Parque dos Ip\u00eas \u00e9 apresentado em F\u00f3rum Internacional e escolhido como destaque"},"content":{"rendered":"<p>A Prefeitura de Campo Grande, representada pela Ag\u00eancia Municipal de Meio Ambiente e Planejamento Urbano (Planurb), apresentou o Projeto Parque dos Ip\u00eas no evento regional da plataforma UrbanShift Am\u00e9rica Latina e Caribe, que aconteceu entre os dias 16 e 19 de abril, em Bel\u00e9m\/PA. Organizado pelo World Resources Institute Brasil (WRI Brasil), Pacto Global de Prefeitos pelo Clima e Energia (GCOM), rede de Cidades C40 e Programa UrbanShift.<\/p>\n<p>O projeto do Parque dos Ip\u00eas foi apresentado para os seguintes bancos de desenvolvimento: Fonplata, Agence Fran\u00e7aise de D\u00e9veloppment (AFD) e New Development Bank (NDB), e teve uma recep\u00e7\u00e3o muito positiva. Segundo os representantes das institui\u00e7\u00f5es financeiras, o projeto apresenta grande potencial para ser replicado em outras \u00e1reas do territ\u00f3rio da capital. Os representantes ofereceram sugest\u00f5es para aumentar o potencial de capta\u00e7\u00e3o de recursos em \u00e2mbito nacional e internacional.<\/p>\n<p>Ainda durante o evento, tanto representantes do WRI quanto do Programa das Na\u00e7\u00f5es Unidas para o Meio Ambiente destacaram a urg\u00eancia de implementar projetos de adapta\u00e7\u00e3o e mitiga\u00e7\u00e3o clim\u00e1tica e a aproxima\u00e7\u00e3o das cidades com os financiadores. Em geral, os painelistas destacaram o aumento do apoio financeiro clim\u00e1tico por institui\u00e7\u00f5es p\u00fablicas e privadas e a necessidade de os gestores pensarem em projetos integrados e multissetoriais para as cidades. Al\u00e9m disso, destacou-se a import\u00e2ncia do enfoque nos aspectos sociais do projeto e na organiza\u00e7\u00e3o da situa\u00e7\u00e3o fiscal das cidades para aumentar o acesso aos recursos dispon\u00edveis.<\/p>\n<p><img fetchpriority=\"high\" decoding=\"async\" class=\"alignnone size-full wp-image-122382\" src=\"https:\/\/prefcg-repositorio.campogrande.ms.gov.br\/wp-cdn\/uploads\/sites\/3\/2024\/04\/FORUM-03-e1714133053735.jpg\" alt=\"\" width=\"1200\" height=\"996\" srcset=\"https:\/\/cdn.campogrande.ms.gov.br\/portal\/prod\/uploads\/sites\/3\/2024\/04\/FORUM-03-e1714133053735.jpg 1200w, https:\/\/cdn.campogrande.ms.gov.br\/portal\/prod\/uploads\/sites\/3\/2024\/04\/FORUM-03-e1714133053735-300x249.jpg 300w, https:\/\/cdn.campogrande.ms.gov.br\/portal\/prod\/uploads\/sites\/3\/2024\/04\/FORUM-03-e1714133053735-1024x850.jpg 1024w, https:\/\/cdn.campogrande.ms.gov.br\/portal\/prod\/uploads\/sites\/3\/2024\/04\/FORUM-03-e1714133053735-768x637.jpg 768w\" sizes=\"(max-width: 1200px) 100vw, 1200px\" \/><\/p>\n<p>Tamb\u00e9m foi realizado um painel com o tema \u201cO papel fundamental das cidades nas mudan\u00e7as clim\u00e1ticas, na prosperidade econ\u00f4mica e na qualidade de vida\u201d, que contou com a participa\u00e7\u00e3o do Minist\u00e9rio das Cidades, da Secretaria Nacional de Meio Ambiente Urbano e Qualidade Ambiental do Minist\u00e9rio do Meio Ambiente e Mudan\u00e7a do Clima, da Prefeitura de Bel\u00e9m\/PA, do Minist\u00e9rio da Ci\u00eancia, Tecnologia e Inova\u00e7\u00e3o e do WRI Brasil. Todos destacaram a urg\u00eancia de incluir a pauta clim\u00e1tica no planejamento das cidades e informaram as a\u00e7\u00f5es federais na tem\u00e1tica.<\/p>\n<p>Foi realizado o Curso da Academia de Cidades &#8211; Acesso ao Financiamento Clim\u00e1tico Urbano, cujo objetivo foi aumentar a capacidade dos governos locais de mobilizar e acessar o financiamento clim\u00e1tico. Foram discutidos os mecanismos e instrumentos de financiamento, observa\u00e7\u00f5es importantes para a estrutura\u00e7\u00e3o de projetos, oportunidades para receber apoio institucional para a prepara\u00e7\u00e3o de projetos e aspectos importantes para a elabora\u00e7\u00e3o de apresenta\u00e7\u00f5es para atrair investimentos. Ao final do curso, o projeto do Parque dos Ip\u00eas foi escolhido como a melhor apresenta\u00e7\u00e3o do dia entre os participantes do curso.<\/p>\n<p>\u201cA participa\u00e7\u00e3o de Campo Grande no F\u00f3rum UrbanShift foi uma grande oportunidade, exclusiva para convidados, que permitiu identificar o que as institui\u00e7\u00f5es p\u00fablicas e privadas est\u00e3o procurando em projetos para investir seus recursos. Realizamos aproxima\u00e7\u00e3o com diversas institui\u00e7\u00f5es internacionais e tivemos retorno muito positivo sobre o Projeto Parque dos Ip\u00eas. Com os aprendizados adquiridos no F\u00f3rum, teremos a oportunidade de trabalhar para um projeto muito mais alinhado \u00e0 agenda clim\u00e1tica global e mais interessante para recebermos apoio financeiro para sua implementa\u00e7\u00e3o\u201d, destaca Christiane Erondina Corr\u00eaa, bi\u00f3loga e Gerente de Pol\u00edticas Ambientais e Mudan\u00e7as Clim\u00e1ticas da Planurb.<\/p>\n<p><strong>Informa\u00e7\u00f5es sobre os pr\u00f3ximos passos<\/strong><\/p>\n<p>O Grupo T\u00e9cnico (GT) Parque dos Ip\u00eas, institu\u00eddo no \u00e2mbito do Comit\u00ea de Meio Ambiente (COMEA), est\u00e1 finalizando o planejamento estrat\u00e9gico do projeto, dar\u00e1 in\u00edcio aos estudos t\u00e9cnicos para o dimensionamento adequado das solu\u00e7\u00f5es propostas e est\u00e1 formalizando as a\u00e7\u00f5es para o processo de regulariza\u00e7\u00e3o fundi\u00e1ria da \u00e1rea de interven\u00e7\u00e3o.<\/p>\n<p>O projeto ser\u00e1 implementado na Regi\u00e3o Urbana do Imbirussu e prop\u00f5e aplicar solu\u00e7\u00f5es sustent\u00e1veis com o prop\u00f3sito de melhorar o sistema de drenagem da regi\u00e3o, bem como incorporar \u00e1reas verdes na paisagem urbana. Com o apoio do WRI Brasil desde 2023 por meio do Acelerador de Solu\u00e7\u00f5es Baseadas na Natureza em Cidades (SBN), com apoio da Funda\u00e7\u00e3o Grupo Botic\u00e1rio e financiamento da Caterpillar Foundation e do Minist\u00e9rio do Meio Ambiente, Alimenta\u00e7\u00e3o e Assuntos Rurais do Reino Unido (Defra UK), que conta ainda com a parceria da iniciativa Cities4Forests e da Alian\u00e7a Bioconex\u00e3o Urbana.<\/p>\n<p>&nbsp;<\/p>\n<p>&nbsp;<\/p>\n<p>&nbsp;<\/p>\n<p><em>#pratodosverem A mat\u00e9ria possui duas imagens. A foto de capa \u00e9 do audit\u00f3rio do evento e foto interna \u00e9 de um grupo de participantes envolta de uma mesa observando uma fala de uma das participantes.<\/em><\/p>\n","protected":false},"author":560,"featured_media":122381,"template":"","meta":{"custom_icon_class":"","footnotes":""},"categories":[67],"tags":[],"class_list":["post-122380","sec-noticias","type-sec-noticias","status-publish","has-post-thumbnail","hentry","category-desenvolvimento-urbano"],"acf":[],"_links":{"self":[{"href":"https:\/\/www.campogrande.ms.gov.br\/cgnoticias\/wp-json\/wp\/v2\/sec-noticias\/122380"}],"collection":[{"href":"https:\/\/www.campogrande.ms.gov.br\/cgnoticias\/wp-json\/wp\/v2\/sec-noticias"}],"about":[{"href":"https:\/\/www.campogrande.ms.gov.br\/cgnoticias\/wp-json\/wp\/v2\/types\/sec-noticias"}],"author":[{"embeddable":true,"href":"https:\/\/www.campogrande.ms.gov.br\/cgnoticias\/wp-json\/wp\/v2\/users\/560"}],"version-history":[{"count":2,"href":"https:\/\/www.campogrande.ms.gov.br\/cgnoticias\/wp-json\/wp\/v2\/sec-noticias\/122380\/revisions"}],"predecessor-version":[{"id":122384,"href":"https:\/\/www.campogrande.ms.gov.br\/cgnoticias\/wp-json\/wp\/v2\/sec-noticias\/122380\/revisions\/122384"}],"wp:featuredmedia":[{"embeddable":true,"href":"https:\/\/www.campogrande.ms.gov.br\/cgnoticias\/wp-json\/wp\/v2\/media\/122381"}],"wp:attachment":[{"href":"https:\/\/www.campogrande.ms.gov.br\/cgnoticias\/wp-json\/wp\/v2\/media?parent=122380"}],"wp:term":[{"taxonomy":"category","embeddable":true,"href":"https:\/\/www.campogrande.ms.gov.br\/cgnoticias\/wp-json\/wp\/v2\/categories?post=122380"},{"taxonomy":"post_tag","embeddable":true,"href":"https:\/\/www.campogrande.ms.gov.br\/cgnoticias\/wp-json\/wp\/v2\/tags?post=122380"}],"curies":[{"name":"wp","href":"https:\/\/api.w.org\/{rel}","templated":true}]}}