{"id":121138,"date":"2024-04-11T09:00:56","date_gmt":"2024-04-11T13:00:56","guid":{"rendered":"https:\/\/www.campogrande.ms.gov.br\/cgnoticias\/?post_type=sec-noticias&#038;p=121138"},"modified":"2024-04-11T09:41:52","modified_gmt":"2024-04-11T13:41:52","slug":"prefeitura-certifica-50-jovens-que-concluiram-o-curso-de-auxiliar-em-servicos-gerais-para-equinos","status":"publish","type":"sec-noticias","link":"https:\/\/www.campogrande.ms.gov.br\/cgnoticias\/noticia\/prefeitura-certifica-50-jovens-que-concluiram-o-curso-de-auxiliar-em-servicos-gerais-para-equinos\/","title":{"rendered":"Prefeitura certifica 50 jovens que conclu\u00edram o curso de Auxiliar em Servi\u00e7os Gerais para Equinos"},"content":{"rendered":"<p>Como objetivo de fomentar empregabilidade e gera\u00e7\u00e3o de renda, a Prefeitura Municipal de Campo Grande, por meio da Secretaria da Juventude realizou do dia 08 a 10 de abril o curso \u201cAuxiliar em Servi\u00e7os Gerais para Equinos\u201d e agora vai certificaros 50 jovens participantes. O curso aconteceu no Parque de Exposi\u00e7\u00e3o Lauc\u00eddio Coelho, durante a Expogrande 2024.<\/p>\n<p><img fetchpriority=\"high\" decoding=\"async\" class=\"alignnone size-full wp-image-121140\" src=\"https:\/\/prefcg-repositorio.campogrande.ms.gov.br\/wp-cdn\/uploads\/sites\/3\/2024\/04\/CURSO-EQUINOS-PREFEITURA.jpeg\" alt=\"\" width=\"1600\" height=\"1068\" srcset=\"https:\/\/cdn.campogrande.ms.gov.br\/portal\/prod\/uploads\/sites\/3\/2024\/04\/CURSO-EQUINOS-PREFEITURA.jpeg 1600w, https:\/\/cdn.campogrande.ms.gov.br\/portal\/prod\/uploads\/sites\/3\/2024\/04\/CURSO-EQUINOS-PREFEITURA-300x200.jpeg 300w, https:\/\/cdn.campogrande.ms.gov.br\/portal\/prod\/uploads\/sites\/3\/2024\/04\/CURSO-EQUINOS-PREFEITURA-1024x684.jpeg 1024w, https:\/\/cdn.campogrande.ms.gov.br\/portal\/prod\/uploads\/sites\/3\/2024\/04\/CURSO-EQUINOS-PREFEITURA-768x513.jpeg 768w, https:\/\/cdn.campogrande.ms.gov.br\/portal\/prod\/uploads\/sites\/3\/2024\/04\/CURSO-EQUINOS-PREFEITURA-1536x1025.jpeg 1536w\" sizes=\"(max-width: 1600px) 100vw, 1600px\" \/><\/p>\n<p>\u201cEu achei esse curso maravilhoso, pois moro em uma ch\u00e1cara e agora vou colocar em pr\u00e1tica tudo que aprendi. Gostaria que tivessem mais cursos assim e com animais de grande porte tamb\u00e9m\u201d, salientou a estudante Julia de Moura.<\/p>\n<p>Para a prefeita Adriane Lopes, essas capacita\u00e7\u00f5es fomentam o crescimento da Capital. \u201cEstamos felizes em trazer para Expogrande as oportunidades de aprendizados, novas habilidades e como consequ\u00eancia novos profissionais para o mercado de trabalho, principalmente pelo fato de sermos a capital do agroneg\u00f3cio\u201d, destacou.<\/p>\n<p><img decoding=\"async\" class=\"alignnone size-full wp-image-121141\" src=\"https:\/\/prefcg-repositorio.campogrande.ms.gov.br\/wp-cdn\/uploads\/sites\/3\/2024\/04\/CURSO-EQUINO-PREFEITURA-2.jpeg\" alt=\"\" width=\"1600\" height=\"1068\" srcset=\"https:\/\/cdn.campogrande.ms.gov.br\/portal\/prod\/uploads\/sites\/3\/2024\/04\/CURSO-EQUINO-PREFEITURA-2.jpeg 1600w, https:\/\/cdn.campogrande.ms.gov.br\/portal\/prod\/uploads\/sites\/3\/2024\/04\/CURSO-EQUINO-PREFEITURA-2-300x200.jpeg 300w, https:\/\/cdn.campogrande.ms.gov.br\/portal\/prod\/uploads\/sites\/3\/2024\/04\/CURSO-EQUINO-PREFEITURA-2-1024x684.jpeg 1024w, https:\/\/cdn.campogrande.ms.gov.br\/portal\/prod\/uploads\/sites\/3\/2024\/04\/CURSO-EQUINO-PREFEITURA-2-768x513.jpeg 768w, https:\/\/cdn.campogrande.ms.gov.br\/portal\/prod\/uploads\/sites\/3\/2024\/04\/CURSO-EQUINO-PREFEITURA-2-1536x1025.jpeg 1536w\" sizes=\"(max-width: 1600px) 100vw, 1600px\" \/><\/p>\n<p>Os alunos aprenderam sobre conceitos gerais sobre esp\u00e9cies equinas, nutri\u00e7\u00e3o e sanidade animal, manejo de cavalo no trabalho e no esporte e no\u00e7\u00f5es de primeiros socorros para o animal. \u201cTivemos um \u00f3timo aproveitamento e tenho certeza que os alunos v\u00e3o sair daqui mais qualificados para lidar com os cavalos e cientes de que o mercado de trabalho est\u00e1 sedento por profissionais nessa \u00e1rea\u201d, disse o m\u00e9dico veterin\u00e1rio, Leonardo Nogueira.<\/p>\n<p><img decoding=\"async\" class=\"alignnone size-full wp-image-121151\" src=\"https:\/\/prefcg-repositorio.campogrande.ms.gov.br\/wp-cdn\/uploads\/sites\/3\/2024\/04\/curso-equinoss.jpeg\" alt=\"\" width=\"1600\" height=\"1068\" srcset=\"https:\/\/cdn.campogrande.ms.gov.br\/portal\/prod\/uploads\/sites\/3\/2024\/04\/curso-equinoss.jpeg 1600w, https:\/\/cdn.campogrande.ms.gov.br\/portal\/prod\/uploads\/sites\/3\/2024\/04\/curso-equinoss-300x200.jpeg 300w, https:\/\/cdn.campogrande.ms.gov.br\/portal\/prod\/uploads\/sites\/3\/2024\/04\/curso-equinoss-1024x684.jpeg 1024w, https:\/\/cdn.campogrande.ms.gov.br\/portal\/prod\/uploads\/sites\/3\/2024\/04\/curso-equinoss-768x513.jpeg 768w, https:\/\/cdn.campogrande.ms.gov.br\/portal\/prod\/uploads\/sites\/3\/2024\/04\/curso-equinoss-1536x1025.jpeg 1536w\" sizes=\"(max-width: 1600px) 100vw, 1600px\" \/><\/p>\n<p>&nbsp;<\/p>\n<p><em>#pratodosverem A mat\u00e9ria possui tr\u00eas imagens. A foto de capa \u00e9 de uma aluna recebendo o certificado. <\/em><em>A segunda foto \u00e9 da aluna que recebeu o certifico e est\u00e1 sentada em uma cadeira olhando para a c\u00e2mera. A jovem tem pele clara e cabelos claros. Ela veste camisa preta e branca e jeans. A terceira foto foi tirada em \u00e2ngulo que mostra os alunos de costas e sentados observando a solenidade de entrega dos certificados. Ao fundo est\u00e1 a prefeita Adriane Lopes e equipe respons\u00e1vel pela capacita\u00e7\u00e3o. A quarta foto \u00e9 do instrutor, um cavalo e alunos durante uma explica\u00e7\u00e3o de aula.<\/em><\/p>\n","protected":false},"author":560,"featured_media":121143,"template":"","meta":{"custom_icon_class":"","footnotes":""},"categories":[50],"tags":[],"class_list":["post-121138","sec-noticias","type-sec-noticias","status-publish","has-post-thumbnail","hentry","category-capacitacao"],"acf":[],"_links":{"self":[{"href":"https:\/\/www.campogrande.ms.gov.br\/cgnoticias\/wp-json\/wp\/v2\/sec-noticias\/121138"}],"collection":[{"href":"https:\/\/www.campogrande.ms.gov.br\/cgnoticias\/wp-json\/wp\/v2\/sec-noticias"}],"about":[{"href":"https:\/\/www.campogrande.ms.gov.br\/cgnoticias\/wp-json\/wp\/v2\/types\/sec-noticias"}],"author":[{"embeddable":true,"href":"https:\/\/www.campogrande.ms.gov.br\/cgnoticias\/wp-json\/wp\/v2\/users\/560"}],"version-history":[{"count":3,"href":"https:\/\/www.campogrande.ms.gov.br\/cgnoticias\/wp-json\/wp\/v2\/sec-noticias\/121138\/revisions"}],"predecessor-version":[{"id":121152,"href":"https:\/\/www.campogrande.ms.gov.br\/cgnoticias\/wp-json\/wp\/v2\/sec-noticias\/121138\/revisions\/121152"}],"wp:featuredmedia":[{"embeddable":true,"href":"https:\/\/www.campogrande.ms.gov.br\/cgnoticias\/wp-json\/wp\/v2\/media\/121143"}],"wp:attachment":[{"href":"https:\/\/www.campogrande.ms.gov.br\/cgnoticias\/wp-json\/wp\/v2\/media?parent=121138"}],"wp:term":[{"taxonomy":"category","embeddable":true,"href":"https:\/\/www.campogrande.ms.gov.br\/cgnoticias\/wp-json\/wp\/v2\/categories?post=121138"},{"taxonomy":"post_tag","embeddable":true,"href":"https:\/\/www.campogrande.ms.gov.br\/cgnoticias\/wp-json\/wp\/v2\/tags?post=121138"}],"curies":[{"name":"wp","href":"https:\/\/api.w.org\/{rel}","templated":true}]}}