{"id":118732,"date":"2024-03-08T17:00:51","date_gmt":"2024-03-08T21:00:51","guid":{"rendered":"https:\/\/www.campogrande.ms.gov.br\/cgnoticias\/?post_type=sec-noticias&#038;p=118732"},"modified":"2024-03-08T17:06:54","modified_gmt":"2024-03-08T21:06:54","slug":"sabado-tem-plantao-para-atualizacao-da-caderneta-vacinal-de-criancas-em-duas-unidades-de-saude","status":"publish","type":"sec-noticias","link":"https:\/\/www.campogrande.ms.gov.br\/cgnoticias\/noticia\/sabado-tem-plantao-para-atualizacao-da-caderneta-vacinal-de-criancas-em-duas-unidades-de-saude\/","title":{"rendered":"S\u00e1bado tem plant\u00e3o para atualiza\u00e7\u00e3o da caderneta vacinal de crian\u00e7as em duas unidades de sa\u00fade"},"content":{"rendered":"<p>Neste s\u00e1bado (09), a Prefeitura de Campo Grande, por meio da Secretaria Municipal de Sa\u00fade (Sesau), abre duas unidades de sa\u00fade para atualiza\u00e7\u00e3o da caderneta vacinal de crian\u00e7as e adultos. Todas as vacinas do calend\u00e1rio estar\u00e3o dispon\u00edveis, incluindo dengue e Covid-19. A \u00fanica exce\u00e7\u00e3o \u00e9 para vacinas que possuem cronograma espec\u00edfico, como \u00e9 o caso da BCG.<\/p>\n<p>Conforme a secret\u00e1ria municipal de Sa\u00fade, Rosana Leite de Melo, \u00e9 importante que a popula\u00e7\u00e3o mantenha as vacinas em dia, sobretudo as crian\u00e7as. &#8220;Pedimos para que os pais e respons\u00e1veis aproveitem a oportunidade para levar os pequenos para se vacinar. A vacina \u00e9 a arma mais eficaz que n\u00f3s temos contra as doen\u00e7as&#8221;, diz.<\/p>\n<p>De acordo com o calend\u00e1rio da Sesau, a imuniza\u00e7\u00e3o acontecer\u00e1 na USF Jockey Club e na UBS 26 de Agosto, das 7h \u00e0s 17h. Equipes da secretaria com um ponto itinerante no Centro de Exposi\u00e7\u00f5es Albano Franco, que funcionar\u00e1 das 9h \u00e0s 16h. Especificamente neste local n\u00e3o haver\u00e1 vacina\u00e7\u00e3o da dengue, apenas as demais vacinas do calend\u00e1rio.<\/p>\n","protected":false},"author":463,"featured_media":118733,"template":"","meta":{"custom_icon_class":"","footnotes":""},"categories":[40],"tags":[],"class_list":["post-118732","sec-noticias","type-sec-noticias","status-publish","has-post-thumbnail","hentry","category-saude"],"acf":[],"_links":{"self":[{"href":"https:\/\/www.campogrande.ms.gov.br\/cgnoticias\/wp-json\/wp\/v2\/sec-noticias\/118732"}],"collection":[{"href":"https:\/\/www.campogrande.ms.gov.br\/cgnoticias\/wp-json\/wp\/v2\/sec-noticias"}],"about":[{"href":"https:\/\/www.campogrande.ms.gov.br\/cgnoticias\/wp-json\/wp\/v2\/types\/sec-noticias"}],"author":[{"embeddable":true,"href":"https:\/\/www.campogrande.ms.gov.br\/cgnoticias\/wp-json\/wp\/v2\/users\/463"}],"version-history":[{"count":1,"href":"https:\/\/www.campogrande.ms.gov.br\/cgnoticias\/wp-json\/wp\/v2\/sec-noticias\/118732\/revisions"}],"predecessor-version":[{"id":118734,"href":"https:\/\/www.campogrande.ms.gov.br\/cgnoticias\/wp-json\/wp\/v2\/sec-noticias\/118732\/revisions\/118734"}],"wp:featuredmedia":[{"embeddable":true,"href":"https:\/\/www.campogrande.ms.gov.br\/cgnoticias\/wp-json\/wp\/v2\/media\/118733"}],"wp:attachment":[{"href":"https:\/\/www.campogrande.ms.gov.br\/cgnoticias\/wp-json\/wp\/v2\/media?parent=118732"}],"wp:term":[{"taxonomy":"category","embeddable":true,"href":"https:\/\/www.campogrande.ms.gov.br\/cgnoticias\/wp-json\/wp\/v2\/categories?post=118732"},{"taxonomy":"post_tag","embeddable":true,"href":"https:\/\/www.campogrande.ms.gov.br\/cgnoticias\/wp-json\/wp\/v2\/tags?post=118732"}],"curies":[{"name":"wp","href":"https:\/\/api.w.org\/{rel}","templated":true}]}}