{"id":118420,"date":"2024-03-05T11:00:33","date_gmt":"2024-03-05T15:00:33","guid":{"rendered":"https:\/\/www.campogrande.ms.gov.br\/cgnoticias\/?post_type=sec-noticias&#038;p=118420"},"modified":"2024-03-05T15:07:42","modified_gmt":"2024-03-05T19:07:42","slug":"com-pontos-de-descarte-e-esforco-conjunto-acao-intersetorial-ira-reforcar-combate-a-dengue-nas-sete-regioes-da-capital","status":"publish","type":"sec-noticias","link":"https:\/\/www.campogrande.ms.gov.br\/cgnoticias\/noticia\/com-pontos-de-descarte-e-esforco-conjunto-acao-intersetorial-ira-reforcar-combate-a-dengue-nas-sete-regioes-da-capital\/","title":{"rendered":"Com pontos de descarte e esfor\u00e7o conjunto, a\u00e7\u00e3o intersetorial ir\u00e1 refor\u00e7ar combate \u00e0 dengue nas sete regi\u00f5es da Capital"},"content":{"rendered":"<p>A Prefeitura de Campo Grande lan\u00e7ou nesta ter\u00e7a-feira (5) a campanha &#8220;Meu Bairro Limpo &#8211; Todos em A\u00e7\u00e3o contra a Dengue&#8221;. A a\u00e7\u00e3o intersetorial tem previs\u00e3o de percorrer as sete regi\u00f5es urbanas e distritos do munic\u00edpio, ao longo dos pr\u00f3ximos meses, em um esfor\u00e7o conjunto para combater o mosquito Aedes aegypti, que al\u00e9m da dengue, \u00e9 transmissor da zika e chikungunya.<\/p>\n<p><a href=\"https:\/\/www.campogrande.ms.gov.br\/cgnoticias\/noticia\/com-pontos-de-descarte-e-esforco-conjunto-acao-intersetorial-ira-reforcar-combate-a-dengue-nas-sete-regioes-da-capital\/dengue-5\/\" rel=\"attachment wp-att-118435\"><img fetchpriority=\"high\" decoding=\"async\" class=\"size-full wp-image-118435 aligncenter\" src=\"https:\/\/prefcg-repositorio.campogrande.ms.gov.br\/wp-cdn\/uploads\/sites\/3\/2024\/03\/Dengue.jpeg\" alt=\"\" width=\"1000\" height=\"667\" srcset=\"https:\/\/cdn.campogrande.ms.gov.br\/portal\/prod\/uploads\/sites\/3\/2024\/03\/Dengue.jpeg 1000w, https:\/\/cdn.campogrande.ms.gov.br\/portal\/prod\/uploads\/sites\/3\/2024\/03\/Dengue-300x200.jpeg 300w, https:\/\/cdn.campogrande.ms.gov.br\/portal\/prod\/uploads\/sites\/3\/2024\/03\/Dengue-768x512.jpeg 768w\" sizes=\"(max-width: 1000px) 100vw, 1000px\" \/><\/a><\/p>\n<p>A\u00a0 prefeita Adriane Lopes enfatizou a import\u00e2ncia da uni\u00e3o de esfor\u00e7os na preven\u00e7\u00e3o e combate \u00e0 dengue, diante do poss\u00edvel aumento no n\u00famero de casos e interna\u00e7\u00f5es provocados pela doen\u00e7a. Ela lembra que, apesar de Campo Grande apresentar \u00edndices inferiores a outras capitais e munic\u00edpios do pa\u00eds que j\u00e1 decretaram situa\u00e7\u00e3o de emerg\u00eancia em raz\u00e3o do elevado n\u00famero de notifica\u00e7\u00f5es, \u00e9 preciso refor\u00e7ar o alerta e redobrar os cuidados.<\/p>\n<p>&#8220;Estamos imbu\u00eddos em mais esse desafio de evitar que a nossa cidade sofra com essa doen\u00e7a. E para isso, determinamos que todas as secretarias estejam envolvidas neste trabalho. \u00c9 o momento de uni\u00e3o de esfor\u00e7os em prol de um bem comum que \u00e9 a sa\u00fade da popula\u00e7\u00e3o. E iremos atuar de maneira conjunta no combate desta doen\u00e7a. Por isso conclamo a toda a popula\u00e7\u00e3o que estejamos juntos, todos em a\u00e7\u00e3o contra a dengue&#8221;, destaca.<\/p>\n<p><img decoding=\"async\" class=\"alignnone size-full wp-image-118423\" src=\"https:\/\/prefcg-repositorio.campogrande.ms.gov.br\/wp-cdn\/uploads\/sites\/3\/2024\/03\/Meu-Bairro-Limpo-Todos-em-Acao-contra-a-Dengue-3.jpeg\" alt=\"\" width=\"1000\" height=\"667\" srcset=\"https:\/\/cdn.campogrande.ms.gov.br\/portal\/prod\/uploads\/sites\/3\/2024\/03\/Meu-Bairro-Limpo-Todos-em-Acao-contra-a-Dengue-3.jpeg 1000w, https:\/\/cdn.campogrande.ms.gov.br\/portal\/prod\/uploads\/sites\/3\/2024\/03\/Meu-Bairro-Limpo-Todos-em-Acao-contra-a-Dengue-3-300x200.jpeg 300w, https:\/\/cdn.campogrande.ms.gov.br\/portal\/prod\/uploads\/sites\/3\/2024\/03\/Meu-Bairro-Limpo-Todos-em-Acao-contra-a-Dengue-3-768x512.jpeg 768w\" sizes=\"(max-width: 1000px) 100vw, 1000px\" \/><\/p>\n<p>A primeira etapa ser\u00e1 realizada na Regi\u00e3o Urbana do Anhanduizinho, onde os trabalhos estar\u00e3o concentrados pelos pr\u00f3ximos 10 dias. Al\u00e9m das visitas domiciliares e inspe\u00e7\u00e3o de terrenos, est\u00e3o sendo disponibilizados dois pontos de descarte para que os moradores possam fazer o despejo de materiais inserv\u00edveis, que ser\u00e3o posteriormente recolhidos. A a\u00e7\u00e3o conta tamb\u00e9m com apoio de drones, da \u00a0Secretaria Municipal de Meio Ambiente e Gest\u00e3o Urbana (Semadur), que s\u00e3o utilizados para mapear terrenos e poss\u00edveis focos em locais de dif\u00edcil acesso.<\/p>\n<p>A secret\u00e1ria municipal de Sa\u00fade, Rosana Leite de Melo, explica que a regi\u00e3o foi escolhida para receber a primeira etapa por apresentar um n\u00famero elevado de bairros com alta incid\u00eancia de dengue, no entanto, todas as regi\u00f5es ser\u00e3o contempladas.<\/p>\n<p>&#8220;\u00c9 um trabalho preventivo que tem por objetivo contribuir na redu\u00e7\u00e3o dos casos nesta regi\u00e3o, mas n\u00f3s pretendemos atender todas as demais localidades do nosso munic\u00edpio seguindo o cronograma previamente estabelecido.\u00a0 As equipes da Sesau estar\u00e3o todas mobilizadas, juntamente com as demais secretarias e institui\u00e7\u00f5es parceiras, para garantir que a gente possa vencer mais essa batalha contra o mosquito. Mas \u00e9 importante lembrar que a participa\u00e7\u00e3o da popula\u00e7\u00e3o \u00e9 fundamental. Mais de 75% dos focos ainda s\u00e3o encontrados dentro das resid\u00eancias. Desta forma, cada um precisa ter consci\u00eancia e fazer a sua parte&#8221;, diz.<\/p>\n<p><img decoding=\"async\" class=\"alignnone size-full wp-image-118424\" src=\"https:\/\/prefcg-repositorio.campogrande.ms.gov.br\/wp-cdn\/uploads\/sites\/3\/2024\/03\/Meu-Bairro-Limpo-Todos-em-Acao-contra-a-Dengue-2.jpeg\" alt=\"\" width=\"1000\" height=\"667\" srcset=\"https:\/\/cdn.campogrande.ms.gov.br\/portal\/prod\/uploads\/sites\/3\/2024\/03\/Meu-Bairro-Limpo-Todos-em-Acao-contra-a-Dengue-2.jpeg 1000w, https:\/\/cdn.campogrande.ms.gov.br\/portal\/prod\/uploads\/sites\/3\/2024\/03\/Meu-Bairro-Limpo-Todos-em-Acao-contra-a-Dengue-2-300x200.jpeg 300w, https:\/\/cdn.campogrande.ms.gov.br\/portal\/prod\/uploads\/sites\/3\/2024\/03\/Meu-Bairro-Limpo-Todos-em-Acao-contra-a-Dengue-2-768x512.jpeg 768w\" sizes=\"(max-width: 1000px) 100vw, 1000px\" \/><\/p>\n<p>Conforme o coordenador da Coordenadoria de Controle de Endemias Vetoriais (CCEV), Vagner Ricardo Santos, nos pontos de descarte os moradores poder\u00e3o deixar materiais de grande volume, como m\u00f3veis inutilizados, carca\u00e7a de eletrodom\u00e9sticos e eletr\u00f4nicos, pneus e outros objetos que possam acumular \u00e1gua. N\u00e3o \u00e9 permitido o descarte de entulhos, restos de materiais de constru\u00e7\u00e3o e podas de \u00e1rvores.<\/p>\n<p>\u201cO objetivo \u00e9 oportunizar que o morador fa\u00e7a o descarte adequado destes tipos de materiais, que muitas vezes est\u00e1 armazenado no fundo do quintal sendo pass\u00edvel de acumular \u00e1gua e servir de criadouro para o mosquito\u201d, disse o coordenador do CCEV.\u00a0 O recolhimento dos materiais conta com o apoio da Secretaria Municipal de Infraestrutura e Servi\u00e7os P\u00fablicos (Sisep).<\/p>\n<p><img loading=\"lazy\" decoding=\"async\" class=\"alignnone size-full wp-image-118425\" src=\"https:\/\/prefcg-repositorio.campogrande.ms.gov.br\/wp-cdn\/uploads\/sites\/3\/2024\/03\/Meu-Bairro-Limpo-Todos-em-Acao-contra-a-Dengue-4.jpeg\" alt=\"\" width=\"904\" height=\"550\" srcset=\"https:\/\/cdn.campogrande.ms.gov.br\/portal\/prod\/uploads\/sites\/3\/2024\/03\/Meu-Bairro-Limpo-Todos-em-Acao-contra-a-Dengue-4.jpeg 904w, https:\/\/cdn.campogrande.ms.gov.br\/portal\/prod\/uploads\/sites\/3\/2024\/03\/Meu-Bairro-Limpo-Todos-em-Acao-contra-a-Dengue-4-300x183.jpeg 300w, https:\/\/cdn.campogrande.ms.gov.br\/portal\/prod\/uploads\/sites\/3\/2024\/03\/Meu-Bairro-Limpo-Todos-em-Acao-contra-a-Dengue-4-768x467.jpeg 768w\" sizes=\"(max-width: 904px) 100vw, 904px\" \/><\/p>\n<p><strong>Locais:<\/strong><\/p>\n<p>Rua Tumbergia, entre as ruas Pr\u00edmula e Gerbera \u2013 Aero Rancho<\/p>\n<p>Rua Francisco \u00c1guiar Pimenta, entre as ruas J\u00falia Pereira de Souza e Waldemar Writh \u2013 Jardim Monumento<\/p>\n<p>Moradora do Bairro Alves Pereira, a merendeira M\u00e1rcia Machado Flores, 48 anos, diz que j\u00e1 pegou dengue por duas vezes e que, hoje, sabe a import\u00e2ncia de fazer a sua parte para evitar a prolifera\u00e7\u00e3o do mosquito.\u00a0 &#8220;Em casa, depois que eu peguei dengue, nunca mais deixei de cuidar do quintal. Mas a gente sabe que todo mundo tem que colaborar. Se o vizinho tamb\u00e9m n\u00e3o cuidar, n\u00e3o adianta nada. Por isso todo mundo precisa colaborar. N\u00e3o adianta tamb\u00e9m s\u00f3 a Prefeitura ir nas casas. \u00c9 preciso consci\u00eancia&#8221;, disse.<\/p>\n<p><strong>A\u00e7\u00f5es permanentes<\/strong><\/p>\n<p>Desde novembro do ano passado, as equipes da Sesau v\u00eam intensificando as medidas de preven\u00e7\u00e3o e controle do vetor da dengue, previstas no Plano de Conting\u00eancia Municipal, que estabelece metas para conter uma poss\u00edvel epidemia de arboviroses, al\u00e9m de estabelecer diretrizes quanto \u00e0 assist\u00eancia e organiza\u00e7\u00e3o de fluxo. As diretrizes foram publicadas no \u00faltimo m\u00eas, prevendo estrat\u00e9gias a serem executadas at\u00e9 2025 para evitar o aumento no n\u00famero de casos.<\/p>\n<p>A Sesau tamb\u00e9m tem refor\u00e7ado as a\u00e7\u00f5es educativas e de mobiliza\u00e7\u00e3o social nas sete regi\u00f5es urbanas, distritos e assentamentos (Zona Rural) de Campo Grande, para orientar a popula\u00e7\u00e3o sobre as medidas para a preven\u00e7\u00e3o \u00e0s doen\u00e7as transmitidas pelo Aedes aegypti. Tais iniciativas tamb\u00e9m s\u00e3o refor\u00e7adas na Aten\u00e7\u00e3o Prim\u00e1ria, por meio das unidades b\u00e1sicas e de sa\u00fade da fam\u00edlia, e nas escolas em per\u00edodo letivo.<\/p>\n<p><a href=\"https:\/\/www.campogrande.ms.gov.br\/cgnoticias\/noticia\/com-pontos-de-descarte-e-esforco-conjunto-acao-intersetorial-ira-reforcar-combate-a-dengue-nas-sete-regioes-da-capital\/dengue4-2\/\" rel=\"attachment wp-att-118437\"><img loading=\"lazy\" decoding=\"async\" class=\"size-full wp-image-118437 aligncenter\" src=\"https:\/\/prefcg-repositorio.campogrande.ms.gov.br\/wp-cdn\/uploads\/sites\/3\/2024\/03\/Dengue4.jpeg\" alt=\"\" width=\"1000\" height=\"667\" srcset=\"https:\/\/cdn.campogrande.ms.gov.br\/portal\/prod\/uploads\/sites\/3\/2024\/03\/Dengue4.jpeg 1000w, https:\/\/cdn.campogrande.ms.gov.br\/portal\/prod\/uploads\/sites\/3\/2024\/03\/Dengue4-300x200.jpeg 300w, https:\/\/cdn.campogrande.ms.gov.br\/portal\/prod\/uploads\/sites\/3\/2024\/03\/Dengue4-768x512.jpeg 768w\" sizes=\"(max-width: 1000px) 100vw, 1000px\" \/><\/a><\/p>\n<p><strong>Casos<\/strong><\/p>\n<p>Do dia 1\u00ba de janeiro a 28 de fevereiro deste ano, foram notificados 2.310 casos de dengue em Campo Grande. At\u00e9 o momento, n\u00e3o houve a notifica\u00e7\u00e3o de nenhum caso de zika e apenas duas notifica\u00e7\u00f5es por chikungunya. Em todo o ano passado a Capital registrou 17.033 notifica\u00e7\u00f5es de dengue e seis \u00f3bitos provocados pela doen\u00e7a. Foram notificados, de janeiro a dezembro de 2.023, 92 casos de zika e 176 de chikungunya.<\/p>\n<p>A Capital fechou o segundo semestre do ano passado apresentando redu\u00e7\u00e3o significativa nos casos de dengue, se comparado com o per\u00edodo anterior. O pico da doen\u00e7a foi registrado em abril, com mais de 3 mil casos notificados. A partir de junho, houve redu\u00e7\u00e3o expressiva com estabiliza\u00e7\u00e3o nos meses seguintes.<\/p>\n<p>O \u00a0Levantamento R\u00e1pido de Infesta\u00e7\u00e3o do Aedes aegypti (LIRAa), realizado em janeiro deste ano, detectou tr\u00eas bairros com risco de infesta\u00e7\u00e3o do mosquito, outros 42 est\u00e3o em situa\u00e7\u00e3o de alerta e em 28 a situa\u00e7\u00e3o \u00e9 considerada satisfat\u00f3ria. O levantamento completo est\u00e1 dispon\u00edvel para download no link:\u00a0<strong><a href=\"https:\/\/www.campogrande.ms.gov.br\/sesau\/sec-downloads\/liraa-janeiro-2024\/\" target=\"_blank\" rel=\"noopener\" data-saferedirecturl=\"https:\/\/www.google.com\/url?q=https:\/\/www.campogrande.ms.gov.br\/sesau\/sec-downloads\/liraa-janeiro-2024\/&amp;source=gmail&amp;ust=1709738209933000&amp;usg=AOvVaw1W3RJEkNQWRpzHBOQuAexz\">https:\/\/www.campogrande.ms.gov.br\/sesau\/sec-downloads\/liraa-janeiro-2024\/<\/a><\/strong>.<\/p>\n<p>Em Mato Grosso do Sul, quatro cidades aparecem com alta incid\u00eancia dos casos prov\u00e1veis da doen\u00e7a, segundo boletim epidemiol\u00f3gico da Secretaria Estadual de Sa\u00fade (SES). Campo Grande \u00e9 a cidade que apresenta o menor \u00edndice entre os 79 munic\u00edpios de Mato Grosso do Sul. No pa\u00eds, munic\u00edpios como Rio de Janeiro (RJ), por exemplo, j\u00e1 enfrentam n\u00fameros alarmantes da doen\u00e7a.<\/p>\n<p><a href=\"https:\/\/www.campogrande.ms.gov.br\/cgnoticias\/noticia\/com-pontos-de-descarte-e-esforco-conjunto-acao-intersetorial-ira-reforcar-combate-a-dengue-nas-sete-regioes-da-capital\/dengue3-2\/\" rel=\"attachment wp-att-118432\"><img loading=\"lazy\" decoding=\"async\" class=\"size-full wp-image-118432 aligncenter\" src=\"https:\/\/prefcg-repositorio.campogrande.ms.gov.br\/wp-cdn\/uploads\/sites\/3\/2024\/03\/Dengue3.jpeg\" alt=\"\" width=\"1000\" height=\"667\" srcset=\"https:\/\/cdn.campogrande.ms.gov.br\/portal\/prod\/uploads\/sites\/3\/2024\/03\/Dengue3.jpeg 1000w, https:\/\/cdn.campogrande.ms.gov.br\/portal\/prod\/uploads\/sites\/3\/2024\/03\/Dengue3-300x200.jpeg 300w, https:\/\/cdn.campogrande.ms.gov.br\/portal\/prod\/uploads\/sites\/3\/2024\/03\/Dengue3-768x512.jpeg 768w\" sizes=\"(max-width: 1000px) 100vw, 1000px\" \/><\/a><\/p>\n","protected":false},"author":464,"featured_media":118433,"template":"","meta":{"custom_icon_class":"","footnotes":""},"categories":[40],"tags":[],"class_list":["post-118420","sec-noticias","type-sec-noticias","status-publish","has-post-thumbnail","hentry","category-saude"],"acf":[],"_links":{"self":[{"href":"https:\/\/www.campogrande.ms.gov.br\/cgnoticias\/wp-json\/wp\/v2\/sec-noticias\/118420"}],"collection":[{"href":"https:\/\/www.campogrande.ms.gov.br\/cgnoticias\/wp-json\/wp\/v2\/sec-noticias"}],"about":[{"href":"https:\/\/www.campogrande.ms.gov.br\/cgnoticias\/wp-json\/wp\/v2\/types\/sec-noticias"}],"author":[{"embeddable":true,"href":"https:\/\/www.campogrande.ms.gov.br\/cgnoticias\/wp-json\/wp\/v2\/users\/464"}],"version-history":[{"count":4,"href":"https:\/\/www.campogrande.ms.gov.br\/cgnoticias\/wp-json\/wp\/v2\/sec-noticias\/118420\/revisions"}],"predecessor-version":[{"id":118471,"href":"https:\/\/www.campogrande.ms.gov.br\/cgnoticias\/wp-json\/wp\/v2\/sec-noticias\/118420\/revisions\/118471"}],"wp:featuredmedia":[{"embeddable":true,"href":"https:\/\/www.campogrande.ms.gov.br\/cgnoticias\/wp-json\/wp\/v2\/media\/118433"}],"wp:attachment":[{"href":"https:\/\/www.campogrande.ms.gov.br\/cgnoticias\/wp-json\/wp\/v2\/media?parent=118420"}],"wp:term":[{"taxonomy":"category","embeddable":true,"href":"https:\/\/www.campogrande.ms.gov.br\/cgnoticias\/wp-json\/wp\/v2\/categories?post=118420"},{"taxonomy":"post_tag","embeddable":true,"href":"https:\/\/www.campogrande.ms.gov.br\/cgnoticias\/wp-json\/wp\/v2\/tags?post=118420"}],"curies":[{"name":"wp","href":"https:\/\/api.w.org\/{rel}","templated":true}]}}