{"id":118163,"date":"2024-03-01T10:48:40","date_gmt":"2024-03-01T14:48:40","guid":{"rendered":"https:\/\/www.campogrande.ms.gov.br\/cgnoticias\/?post_type=sec-noticias&#038;p=118163"},"modified":"2024-03-01T11:33:26","modified_gmt":"2024-03-01T15:33:26","slug":"118163","status":"publish","type":"sec-noticias","link":"https:\/\/www.campogrande.ms.gov.br\/cgnoticias\/noticia\/118163\/","title":{"rendered":"Habita\u00e7\u00e3o de interesse social e vazios urbanos s\u00e3o temas de encontro e Prefeitura instituir\u00e1 GT para modernizar tr\u00e2mites internos"},"content":{"rendered":"<p>A Prefeitura Municipal de Campo Grande, por interm\u00e9dio da Ag\u00eancia Municipal de Meio Ambiente e Planejamento Urbano (Planurb), em parceira com o ICLEI &#8211; Governos Locais pela Sustentabilidade e a MRV Engenharia, realizou o evento \u201cDi\u00e1logo Sustent\u00e1vel: Vazios Urbanos &#8211; desafios e solu\u00e7\u00f5es \u00e0 luz da crise clim\u00e1tica e habitacional\u201d, nesta quinta-feira (29). O encontro ocorreu no Audit\u00f3rio Engenheiro Nilo Javari Baren, situado na sede da autarquia.<\/p>\n<p>Durante o evento, os participantes puderam conhecer experi\u00eancias sobre a inser\u00e7\u00e3o sustent\u00e1vel de habita\u00e7\u00e3o de interesse social em vazios urbanos nas cidades brasileiras e como tais habita\u00e7\u00f5es podem gerar benef\u00edcios sociais e urban\u00edsticos, aumentando a capacidade de resposta aos desafios das altera\u00e7\u00f5es clim\u00e1ticas, bem como o Desenvolvimento Urbano Sustent\u00e1vel.<\/p>\n<p>A prefeita de Campo Grande, Adriane Lopes, destacou que o interc\u00e2mbio de experi\u00eancias \u00e9 importante para que a Administra\u00e7\u00e3o P\u00fablica possa avan\u00e7ar. \u201cCampo Grande cresce todos os dias e avan\u00e7a em todas as \u00e1reas. Ser\u00e1 institu\u00eddo um Grupo de Trabalho, envolvendo os \u00f3rg\u00e3os e entidades da Prefeitura de Campo Grande, que ter\u00e1 como objetivo de modernizar os tr\u00e2mites internos e de dar seguran\u00e7a jur\u00eddica aos empreendedores da \u00e1rea de habita\u00e7\u00e3o de interesse social. A administra\u00e7\u00e3o ir\u00e1 estudar os casos de sucesso de outros munic\u00edpios e replic\u00e1-los em Campo Grande\u201d.<\/p>\n<p><img fetchpriority=\"high\" decoding=\"async\" class=\"alignnone size-full wp-image-118166\" src=\"https:\/\/prefcg-repositorio.campogrande.ms.gov.br\/wp-cdn\/uploads\/sites\/3\/2024\/03\/REUNIAO-PLANURB-1.jpeg\" alt=\"\" width=\"1600\" height=\"1200\" srcset=\"https:\/\/cdn.campogrande.ms.gov.br\/portal\/prod\/uploads\/sites\/3\/2024\/03\/REUNIAO-PLANURB-1.jpeg 1600w, https:\/\/cdn.campogrande.ms.gov.br\/portal\/prod\/uploads\/sites\/3\/2024\/03\/REUNIAO-PLANURB-1-300x225.jpeg 300w, https:\/\/cdn.campogrande.ms.gov.br\/portal\/prod\/uploads\/sites\/3\/2024\/03\/REUNIAO-PLANURB-1-1024x768.jpeg 1024w, https:\/\/cdn.campogrande.ms.gov.br\/portal\/prod\/uploads\/sites\/3\/2024\/03\/REUNIAO-PLANURB-1-768x576.jpeg 768w, https:\/\/cdn.campogrande.ms.gov.br\/portal\/prod\/uploads\/sites\/3\/2024\/03\/REUNIAO-PLANURB-1-1536x1152.jpeg 1536w\" sizes=\"(max-width: 1600px) 100vw, 1600px\" \/><\/p>\n<p>Transmitido por meio do canal da Educa\u00e7\u00e3o Ambiental da Planurb no YouTube, o encontro contou com a participa\u00e7\u00e3o dos especialistas Nabil Bonduki, pesquisador na \u00e1rea de produ\u00e7\u00e3o de habita\u00e7\u00e3o de interesse social em \u00e1reas ociosas e infraestruturadas, professor de hist\u00f3ria do Urbanismo com v\u00e1rios livros e estudos publicados; Rodrigo Perp\u00e9tuo, Secret\u00e1rio Executivo do ICLEI Am\u00e9rica do Sul; Maria Caldas, S\u00eanior Fellow do ICLEI para Desenvolvimento Sustent\u00e1vel; Ana Wernke, Coordenadora de Rela\u00e7\u00f5es Institucionais do ICLEI Brasil e Doutoranda em Arquitetura e Urbanismo; Gisella Lobato, Diretora de Gest\u00e3o e Pol\u00edtica Urbana da Prefeitura de Belo Horizonte; Jos\u00e9 Fernandes Carvalho, Gerente Geral de Planejamento Urbano da Prefeitura do Recife; e Maria do Carmo Avesani Lopez, Diretora-Presidente da Ag\u00eancia de Habita\u00e7\u00e3o Popular do Estado de Mato Grosso do Sul (Agehab).<\/p>\n<p>Para o Secret\u00e1rio Executivo do ICLEI Am\u00e9rica do Sul, Rodrigo Perp\u00e9tuo, a tem\u00e1tica abordada \u00e9 pauta em outros munic\u00edpios e o debate de experi\u00eancias faz parte da ess\u00eancia do ICLEI. \u201cGostaria de parabenizar a Prefeitura Municipal de Campo Grande por promover este encontro t\u00e3o importante para o desenvolvimento da cidade. Que no dia de hoje seja plantada uma semente e iremos acompanhar os pr\u00f3ximos passos aqui em Campo Grande\u201d.<\/p>\n<p>Em sua participa\u00e7\u00e3o, o professor Nabil Bonduki afirmou que Campo Grande \u00e9 uma cidade vi\u00e1vel para o desenvolvimento de habita\u00e7\u00e3o de interesse social. \u201cPor ser uma cidade vi\u00e1vel, Campo Grande precisa de coragem para planejar e executar as pol\u00edticas p\u00fablicas. Vimos hoje que h\u00e1 um consenso e esfor\u00e7o de todos para que isso aconte\u00e7a\u201d.<\/p>\n","protected":false},"author":560,"featured_media":118164,"template":"","meta":{"custom_icon_class":"","footnotes":""},"categories":[67],"tags":[],"class_list":["post-118163","sec-noticias","type-sec-noticias","status-publish","has-post-thumbnail","hentry","category-desenvolvimento-urbano"],"acf":[],"_links":{"self":[{"href":"https:\/\/www.campogrande.ms.gov.br\/cgnoticias\/wp-json\/wp\/v2\/sec-noticias\/118163"}],"collection":[{"href":"https:\/\/www.campogrande.ms.gov.br\/cgnoticias\/wp-json\/wp\/v2\/sec-noticias"}],"about":[{"href":"https:\/\/www.campogrande.ms.gov.br\/cgnoticias\/wp-json\/wp\/v2\/types\/sec-noticias"}],"author":[{"embeddable":true,"href":"https:\/\/www.campogrande.ms.gov.br\/cgnoticias\/wp-json\/wp\/v2\/users\/560"}],"version-history":[{"count":3,"href":"https:\/\/www.campogrande.ms.gov.br\/cgnoticias\/wp-json\/wp\/v2\/sec-noticias\/118163\/revisions"}],"predecessor-version":[{"id":118185,"href":"https:\/\/www.campogrande.ms.gov.br\/cgnoticias\/wp-json\/wp\/v2\/sec-noticias\/118163\/revisions\/118185"}],"wp:featuredmedia":[{"embeddable":true,"href":"https:\/\/www.campogrande.ms.gov.br\/cgnoticias\/wp-json\/wp\/v2\/media\/118164"}],"wp:attachment":[{"href":"https:\/\/www.campogrande.ms.gov.br\/cgnoticias\/wp-json\/wp\/v2\/media?parent=118163"}],"wp:term":[{"taxonomy":"category","embeddable":true,"href":"https:\/\/www.campogrande.ms.gov.br\/cgnoticias\/wp-json\/wp\/v2\/categories?post=118163"},{"taxonomy":"post_tag","embeddable":true,"href":"https:\/\/www.campogrande.ms.gov.br\/cgnoticias\/wp-json\/wp\/v2\/tags?post=118163"}],"curies":[{"name":"wp","href":"https:\/\/api.w.org\/{rel}","templated":true}]}}