{"id":117204,"date":"2024-02-15T07:00:52","date_gmt":"2024-02-15T11:00:52","guid":{"rendered":"https:\/\/www.campogrande.ms.gov.br\/cgnoticias\/?post_type=sec-noticias&#038;p=117204"},"modified":"2024-02-16T16:07:57","modified_gmt":"2024-02-16T20:07:57","slug":"micro-e-pequenas-empresas-sao-responsaveis-pela-geracao-da-maioria-dos-empregos-em-campo-grande-2","status":"publish","type":"sec-noticias","link":"https:\/\/www.campogrande.ms.gov.br\/cgnoticias\/noticia\/micro-e-pequenas-empresas-sao-responsaveis-pela-geracao-da-maioria-dos-empregos-em-campo-grande-2\/","title":{"rendered":"Micro e Pequenas Empresas s\u00e3o respons\u00e1veis pela gera\u00e7\u00e3o da maioria dos empregos em Campo Grande"},"content":{"rendered":"<p>As Micro e Pequenas Empresas (MPEs) desempenharam um papel fundamental na cria\u00e7\u00e3o de empregos no \u00faltimo ano em Campo Grande e em todo o pa\u00eds. No Brasil, oito em cada dez novas vagas vieram das MPEs, conforme an\u00e1lise conduzida pelo Servi\u00e7o Brasileiro de Apoio \u00e0s Micro e Pequenas Empresas (Sebrae), com base nos dados do Cadastro Geral de Empregados e Desempregados (Caged).<\/p>\n<p>Das 1,48 milh\u00e3o novas oportunidades de trabalho surgidas no ano passado, 1,18 milh\u00e3o foram geradas por pequenos neg\u00f3cios, correspondendo a impressionantes 80,1% do total. Esse n\u00famero contrasta com as 209,99 mil vagas, ou 14,2%, provenientes de M\u00e9dias e Grandes Empresas (MGE).<\/p>\n<p>A empresa Seven Tecnologia, que atua na \u00e1rea de monitoramento 24 horas est\u00e1 dentro desta estat\u00edstica. O propriet\u00e1rio Helder Barbosa Diniz emprega tr\u00eas pessoas e fala da import\u00e2ncia do pequeno para fazer a economia girar.<\/p>\n<p><img fetchpriority=\"high\" decoding=\"async\" class=\"alignnone wp-image-117282 size-full\" src=\"https:\/\/prefcg-repositorio.campogrande.ms.gov.br\/wp-cdn\/uploads\/sites\/3\/2024\/02\/WhatsApp-Image-2024-02-16-at-11.56.05.jpeg\" alt=\"\" width=\"1201\" height=\"1600\" srcset=\"https:\/\/cdn.campogrande.ms.gov.br\/portal\/prod\/uploads\/sites\/3\/2024\/02\/WhatsApp-Image-2024-02-16-at-11.56.05.jpeg 1201w, https:\/\/cdn.campogrande.ms.gov.br\/portal\/prod\/uploads\/sites\/3\/2024\/02\/WhatsApp-Image-2024-02-16-at-11.56.05-225x300.jpeg 225w, https:\/\/cdn.campogrande.ms.gov.br\/portal\/prod\/uploads\/sites\/3\/2024\/02\/WhatsApp-Image-2024-02-16-at-11.56.05-769x1024.jpeg 769w, https:\/\/cdn.campogrande.ms.gov.br\/portal\/prod\/uploads\/sites\/3\/2024\/02\/WhatsApp-Image-2024-02-16-at-11.56.05-768x1023.jpeg 768w, https:\/\/cdn.campogrande.ms.gov.br\/portal\/prod\/uploads\/sites\/3\/2024\/02\/WhatsApp-Image-2024-02-16-at-11.56.05-1153x1536.jpeg 1153w\" sizes=\"(max-width: 1201px) 100vw, 1201px\" \/><\/p>\n<p>\u201cO microempreendedor corresponde a uma boa parte da fatia do PIB, n\u00e3o \u00e9 s\u00f3 de m\u00e9dias e grandes empresas que se constr\u00f3i a economia. Se n\u00e3o fossem os microempreendedores, essa roda n\u00e3o giraria, n\u00e3o haveria f\u00e1bricas, n\u00e3o haveria grandes empresas, se n\u00e3o fosse o final. \u00c9 o microempreendedor quem faz os produtos chegarem ao consumidor, \u00e9 ele quem mais emprega, quem faz a roda girar\u201d, pontua.<\/p>\n<p><img decoding=\"async\" class=\"alignnone size-full wp-image-117084\" src=\"https:\/\/prefcg-repositorio.campogrande.ms.gov.br\/wp-cdn\/uploads\/sites\/3\/2024\/02\/MPES.jpeg\" alt=\"\" width=\"1600\" height=\"1066\" srcset=\"https:\/\/cdn.campogrande.ms.gov.br\/portal\/prod\/uploads\/sites\/3\/2024\/02\/MPES.jpeg 1600w, https:\/\/cdn.campogrande.ms.gov.br\/portal\/prod\/uploads\/sites\/3\/2024\/02\/MPES-300x200.jpeg 300w, https:\/\/cdn.campogrande.ms.gov.br\/portal\/prod\/uploads\/sites\/3\/2024\/02\/MPES-1024x682.jpeg 1024w, https:\/\/cdn.campogrande.ms.gov.br\/portal\/prod\/uploads\/sites\/3\/2024\/02\/MPES-768x512.jpeg 768w, https:\/\/cdn.campogrande.ms.gov.br\/portal\/prod\/uploads\/sites\/3\/2024\/02\/MPES-1536x1023.jpeg 1536w\" sizes=\"(max-width: 1600px) 100vw, 1600px\" \/><\/p>\n<p>Como exemplo, ele cita as pequenas e m\u00e9dias empresas nos bairros. Em Campo Grande, todas as sete regi\u00f5es t\u00eam corredores comerciais e gastron\u00f4micos que movimentam a economia local.<\/p>\n<p>\u201cNos bairros a gente v\u00ea isso muito claramente, como os microempreendedores desenvolveram. Tanto \u00e9 que, muitas vezes, o morador dali n\u00e3o precisa mais se deslocar para trabalhar. Ele trabalha no pr\u00f3prio bairro, porque ali tem um microempreendedor que est\u00e1 gerando emprego na regi\u00e3o\u201d, conta.<\/p>\n<p>\u00c9 o caso de Lenita Fernandes, moradora do Aero Rancho. Ela conta que trabalha em um sal\u00e3o de beleza no bairro, onde atua como manicure e depiladora. A vantagem que ela v\u00ea, \u00e9 n\u00e3o precisar se deslocar, o que economiza tempo e dinheiro. \u201cN\u00e3o preciso acordar cedo demais e posso ir almo\u00e7ar em casa. \u00c9 muito melhor, porque tenho emprego com mais qualidade de vida\u201d.<\/p>\n<p><img decoding=\"async\" class=\"alignnone size-full wp-image-117082\" src=\"https:\/\/prefcg-repositorio.campogrande.ms.gov.br\/wp-cdn\/uploads\/sites\/3\/2024\/02\/Lenita-Fernandes-e1707947428314.jpeg\" alt=\"\" width=\"718\" height=\"750\" srcset=\"https:\/\/cdn.campogrande.ms.gov.br\/portal\/prod\/uploads\/sites\/3\/2024\/02\/Lenita-Fernandes-e1707947428314.jpeg 718w, https:\/\/cdn.campogrande.ms.gov.br\/portal\/prod\/uploads\/sites\/3\/2024\/02\/Lenita-Fernandes-e1707947428314-287x300.jpeg 287w\" sizes=\"(max-width: 718px) 100vw, 718px\" \/><\/p>\n<p>O setor de servi\u00e7os, inclusive, \u00e9 o que mais segue em evid\u00eancia. Pelo terceiro ano consecutivo, as MPEs lideraram a cria\u00e7\u00e3o de empregos. Em 2023, este segmento foi respons\u00e1vel pela abertura de 631 mil novas vagas, enquanto as MGE contribu\u00edram com 181,87 mil empregos.<\/p>\n<p>Ainda segundo a pesquisa, as perspectivas futuras s\u00e3o positivas. O Sebrae ressaltou a import\u00e2ncia das MPE na recupera\u00e7\u00e3o econ\u00f4mica e expressou otimismo quanto \u00e0 continuidade desse cen\u00e1rio favor\u00e1vel para as pequenas empresas.<\/p>\n<p>Esses dados demonstram o importante papel das micro e pequenas empresas na dinamiza\u00e7\u00e3o do mercado de trabalho brasileiro, refletindo sua resili\u00eancia e capacidade de adapta\u00e7\u00e3o em meio aos desafios econ\u00f4micos.<\/p>\n<p>&nbsp;<\/p>\n<p><em>Fonte: Fecom\u00e9rcioMS<\/em><\/p>\n","protected":false},"author":560,"featured_media":117085,"template":"","meta":{"custom_icon_class":"","footnotes":""},"categories":[68],"tags":[],"class_list":["post-117204","sec-noticias","type-sec-noticias","status-publish","has-post-thumbnail","hentry","category-desenvolvimento-economico"],"acf":[],"_links":{"self":[{"href":"https:\/\/www.campogrande.ms.gov.br\/cgnoticias\/wp-json\/wp\/v2\/sec-noticias\/117204"}],"collection":[{"href":"https:\/\/www.campogrande.ms.gov.br\/cgnoticias\/wp-json\/wp\/v2\/sec-noticias"}],"about":[{"href":"https:\/\/www.campogrande.ms.gov.br\/cgnoticias\/wp-json\/wp\/v2\/types\/sec-noticias"}],"author":[{"embeddable":true,"href":"https:\/\/www.campogrande.ms.gov.br\/cgnoticias\/wp-json\/wp\/v2\/users\/560"}],"version-history":[{"count":2,"href":"https:\/\/www.campogrande.ms.gov.br\/cgnoticias\/wp-json\/wp\/v2\/sec-noticias\/117204\/revisions"}],"predecessor-version":[{"id":117283,"href":"https:\/\/www.campogrande.ms.gov.br\/cgnoticias\/wp-json\/wp\/v2\/sec-noticias\/117204\/revisions\/117283"}],"wp:featuredmedia":[{"embeddable":true,"href":"https:\/\/www.campogrande.ms.gov.br\/cgnoticias\/wp-json\/wp\/v2\/media\/117085"}],"wp:attachment":[{"href":"https:\/\/www.campogrande.ms.gov.br\/cgnoticias\/wp-json\/wp\/v2\/media?parent=117204"}],"wp:term":[{"taxonomy":"category","embeddable":true,"href":"https:\/\/www.campogrande.ms.gov.br\/cgnoticias\/wp-json\/wp\/v2\/categories?post=117204"},{"taxonomy":"post_tag","embeddable":true,"href":"https:\/\/www.campogrande.ms.gov.br\/cgnoticias\/wp-json\/wp\/v2\/tags?post=117204"}],"curies":[{"name":"wp","href":"https:\/\/api.w.org\/{rel}","templated":true}]}}