{"id":115622,"date":"2024-01-16T14:33:40","date_gmt":"2024-01-16T18:33:40","guid":{"rendered":"https:\/\/www.campogrande.ms.gov.br\/cgnoticias\/?post_type=sec-noticias&#038;p=115622"},"modified":"2024-01-16T14:33:40","modified_gmt":"2024-01-16T18:33:40","slug":"unidade-de-saude-realiza-acao-para-reforcar-importancia-dos-cuidados-com-a-saude-mental","status":"publish","type":"sec-noticias","link":"https:\/\/www.campogrande.ms.gov.br\/cgnoticias\/noticia\/unidade-de-saude-realiza-acao-para-reforcar-importancia-dos-cuidados-com-a-saude-mental\/","title":{"rendered":"Unidade de sa\u00fade realiza a\u00e7\u00e3o para refor\u00e7ar import\u00e2ncia dos cuidados com a sa\u00fade mental"},"content":{"rendered":"<p>Janeiro \u00e9 o m\u00eas da mobiliza\u00e7\u00e3o a favor dos cuidados com a sa\u00fade mental e emocional. Em ades\u00e3o ao movimento &#8220;Janeiro Branco&#8221;, as unidades da Rede Municipal de Sa\u00fade de Campo Grande promovem diversas a\u00e7\u00f5es de informa\u00e7\u00e3o sobre causas e preven\u00e7\u00e3o aos transtornos mentais. Este ano, a campanha traz o slogan: &#8220;Quem cuida da mente, cuida da vida&#8221;.<\/p>\n<p>Nesta ter\u00e7a-feira (16), a Unidade de Sa\u00fade da Fam\u00edlia (USF) Alves Pereira realizou a\u00e7\u00e3o sobre a tem\u00e1tica, com palestra e roda de conversa\u00a0O objetivo \u00e9 incentivar os pacientes a refletirem sobre a import\u00e2ncia do cuidado com sua sa\u00fade mental, assim como a sa\u00fade do corpo.<\/p>\n<p><img fetchpriority=\"high\" decoding=\"async\" class=\"alignnone wp-image-115625 size-full\" src=\"https:\/\/prefcg-repositorio.campogrande.ms.gov.br\/wp-cdn\/uploads\/sites\/3\/2024\/01\/JANEIRO-BRANCO_ALVES-PEREIRA.jpeg\" alt=\"\" width=\"1600\" height=\"1200\" srcset=\"https:\/\/cdn.campogrande.ms.gov.br\/portal\/prod\/uploads\/sites\/3\/2024\/01\/JANEIRO-BRANCO_ALVES-PEREIRA.jpeg 1600w, https:\/\/cdn.campogrande.ms.gov.br\/portal\/prod\/uploads\/sites\/3\/2024\/01\/JANEIRO-BRANCO_ALVES-PEREIRA-300x225.jpeg 300w, https:\/\/cdn.campogrande.ms.gov.br\/portal\/prod\/uploads\/sites\/3\/2024\/01\/JANEIRO-BRANCO_ALVES-PEREIRA-1024x768.jpeg 1024w, https:\/\/cdn.campogrande.ms.gov.br\/portal\/prod\/uploads\/sites\/3\/2024\/01\/JANEIRO-BRANCO_ALVES-PEREIRA-768x576.jpeg 768w, https:\/\/cdn.campogrande.ms.gov.br\/portal\/prod\/uploads\/sites\/3\/2024\/01\/JANEIRO-BRANCO_ALVES-PEREIRA-1536x1152.jpeg 1536w\" sizes=\"(max-width: 1600px) 100vw, 1600px\" \/><\/p>\n<p>Ao longo do m\u00eas, as unidades estar\u00e3o promovendo a\u00e7\u00f5es voltadas ao tema, associadas a abordagens de promo\u00e7\u00e3o e preven\u00e7\u00e3o a outras doen\u00e7as, como o diabetes e hipertens\u00e3o, por exemplo, seguindo um cronograma pr\u00e9-estabelecido.<\/p>\n<p><b>Onde buscar ajuda?<br \/>\n<\/b><br \/>\nAtualmente, o munic\u00edpio de Campo Grande conta com sete Caps (Centros de Aten\u00e7\u00e3o Psicossocial) atendem pacientes com transtornos\u00a0mentais\u00a0graves e severos nas 24hs di\u00e1ria por demanda espont\u00e2nea e que os casos mais leves e moderados s\u00e3o acompanhados na Aten\u00e7\u00e3o B\u00e1sica e no Ambulat\u00f3rio de\u00a0Sa\u00fade\u00a0Mental\u00a0que se localiza no Centro de Especialidades M\u00e9dicas (CEM).<\/p>\n<p>Os Caps oferecem cerca de 80 leitos de acolhimento para pacientes em crise e temos contratualizado com o Hospital Nosso Lar, 36 leitos psiqui\u00e1tricos e mais 12 leitos psiqui\u00e1tricos com o Hospital Regional.<\/p>\n<p>Nos \u00faltimos quatro anos, a Rede de Aten\u00e7\u00e3o Psicossocial de Campo Grande teve uma importante expans\u00e3o com a inaugura\u00e7\u00e3o de novas unidades e amplia\u00e7\u00e3o de leitos. A unidade mais recente foi inaugurada em outubro de 2023, no Bairro Guanandi, o Caps M\u00e1rcia Zen, para tratamento de dependentes de \u00e1lcool e drogas.<\/p>\n","protected":false},"author":310,"featured_media":115624,"template":"","meta":{"custom_icon_class":"","footnotes":""},"categories":[40],"tags":[],"class_list":["post-115622","sec-noticias","type-sec-noticias","status-publish","has-post-thumbnail","hentry","category-saude"],"acf":[],"_links":{"self":[{"href":"https:\/\/www.campogrande.ms.gov.br\/cgnoticias\/wp-json\/wp\/v2\/sec-noticias\/115622"}],"collection":[{"href":"https:\/\/www.campogrande.ms.gov.br\/cgnoticias\/wp-json\/wp\/v2\/sec-noticias"}],"about":[{"href":"https:\/\/www.campogrande.ms.gov.br\/cgnoticias\/wp-json\/wp\/v2\/types\/sec-noticias"}],"author":[{"embeddable":true,"href":"https:\/\/www.campogrande.ms.gov.br\/cgnoticias\/wp-json\/wp\/v2\/users\/310"}],"version-history":[{"count":2,"href":"https:\/\/www.campogrande.ms.gov.br\/cgnoticias\/wp-json\/wp\/v2\/sec-noticias\/115622\/revisions"}],"predecessor-version":[{"id":115626,"href":"https:\/\/www.campogrande.ms.gov.br\/cgnoticias\/wp-json\/wp\/v2\/sec-noticias\/115622\/revisions\/115626"}],"wp:featuredmedia":[{"embeddable":true,"href":"https:\/\/www.campogrande.ms.gov.br\/cgnoticias\/wp-json\/wp\/v2\/media\/115624"}],"wp:attachment":[{"href":"https:\/\/www.campogrande.ms.gov.br\/cgnoticias\/wp-json\/wp\/v2\/media?parent=115622"}],"wp:term":[{"taxonomy":"category","embeddable":true,"href":"https:\/\/www.campogrande.ms.gov.br\/cgnoticias\/wp-json\/wp\/v2\/categories?post=115622"},{"taxonomy":"post_tag","embeddable":true,"href":"https:\/\/www.campogrande.ms.gov.br\/cgnoticias\/wp-json\/wp\/v2\/tags?post=115622"}],"curies":[{"name":"wp","href":"https:\/\/api.w.org\/{rel}","templated":true}]}}