{"id":115417,"date":"2024-01-12T07:00:15","date_gmt":"2024-01-12T11:00:15","guid":{"rendered":"https:\/\/www.campogrande.ms.gov.br\/cgnoticias\/?post_type=sec-noticias&#038;p=115417"},"modified":"2024-01-12T08:32:45","modified_gmt":"2024-01-12T12:32:45","slug":"prefeitura-de-campo-grande-convoca-272-assistentes-de-educacao-infantil-e-assistentes-educacionais-inclusivos","status":"publish","type":"sec-noticias","link":"https:\/\/www.campogrande.ms.gov.br\/cgnoticias\/noticia\/prefeitura-de-campo-grande-convoca-272-assistentes-de-educacao-infantil-e-assistentes-educacionais-inclusivos\/","title":{"rendered":"Prefeitura de Campo Grande convoca 272 assistentes de educa\u00e7\u00e3o infantil e assistentes educacionais inclusivos"},"content":{"rendered":"<p>A Prefeitura de Campo Grande, atrav\u00e9s da Secretaria Municipal de Educa\u00e7\u00e3o (SEMED), convoca 272 assistentes de educa\u00e7\u00e3o infantil e assistentes educacionais inclusivos, para se apresentarem e tomarem posse do processo seletivo que foram aprovados.<\/p>\n<p>Conforme os editais de n\u00fameros 03\/2023-16 e 11\/2023-11, publicados no Di\u00e1rio Oficial (Diogrande)\u00a0 \u00a0n. 7348 nesta sexta-feira (12), os convocados est\u00e3o sendo chamados para substituir vac\u00e2ncias e, portanto, n\u00e3o haver\u00e1 aumento de despesas com pessoal.<\/p>\n<p>Os assistentes v\u00e3o atuar nas EMEIs (Escolas de Educa\u00e7\u00e3o Infantil) e Escolas de Ensino Fundamental da REME (Rede Municipal de Ensino).<\/p>\n<p>Portanto, os assistentes educacionais inclusivos devem comparecer no dia 15 de janeiro, segunda-feira, \u00e0s 8h, e os assistentes de educa\u00e7\u00e3o infantil, \u00e0s 13h30 tamb\u00e9m na pr\u00f3xima segunda-feira, no Cefor (Centro de Forma\u00e7\u00e3o L\u00fadio Martins Coelho), na SEMED, localizado na rua Onicieto Severo Monteiro, n\u00famero 460.<\/p>\n<p>Os convocados v\u00e3o receber orienta\u00e7\u00e3o sobre a documenta\u00e7\u00e3o a ser entregue para o preenchimento da vaga e efetiva\u00e7\u00e3o do procedimento de contrata\u00e7\u00e3o.<\/p>\n<p>Para ver a lista completa, basta acessar o Diogrande a partir da p\u00e1gina 7, atrav\u00e9s deste link:\u00a0<a href=\"https:\/\/diogrande.campogrande.ms.gov.br\/download_edicao\/eyJjb2RpZ29kaWEiOiI5MDE2In0%3D.pdf\">https:\/\/diogrande.campogrande.ms.gov.br\/download_edicao\/eyJjb2RpZ29kaWEiOiI5MDE2In0%3D.pdf<\/a><\/p>\n","protected":false},"author":464,"featured_media":115419,"template":"","meta":{"custom_icon_class":"","footnotes":""},"categories":[38],"tags":[],"class_list":["post-115417","sec-noticias","type-sec-noticias","status-publish","has-post-thumbnail","hentry","category-educacao"],"acf":[],"_links":{"self":[{"href":"https:\/\/www.campogrande.ms.gov.br\/cgnoticias\/wp-json\/wp\/v2\/sec-noticias\/115417"}],"collection":[{"href":"https:\/\/www.campogrande.ms.gov.br\/cgnoticias\/wp-json\/wp\/v2\/sec-noticias"}],"about":[{"href":"https:\/\/www.campogrande.ms.gov.br\/cgnoticias\/wp-json\/wp\/v2\/types\/sec-noticias"}],"author":[{"embeddable":true,"href":"https:\/\/www.campogrande.ms.gov.br\/cgnoticias\/wp-json\/wp\/v2\/users\/464"}],"version-history":[{"count":1,"href":"https:\/\/www.campogrande.ms.gov.br\/cgnoticias\/wp-json\/wp\/v2\/sec-noticias\/115417\/revisions"}],"predecessor-version":[{"id":115418,"href":"https:\/\/www.campogrande.ms.gov.br\/cgnoticias\/wp-json\/wp\/v2\/sec-noticias\/115417\/revisions\/115418"}],"wp:featuredmedia":[{"embeddable":true,"href":"https:\/\/www.campogrande.ms.gov.br\/cgnoticias\/wp-json\/wp\/v2\/media\/115419"}],"wp:attachment":[{"href":"https:\/\/www.campogrande.ms.gov.br\/cgnoticias\/wp-json\/wp\/v2\/media?parent=115417"}],"wp:term":[{"taxonomy":"category","embeddable":true,"href":"https:\/\/www.campogrande.ms.gov.br\/cgnoticias\/wp-json\/wp\/v2\/categories?post=115417"},{"taxonomy":"post_tag","embeddable":true,"href":"https:\/\/www.campogrande.ms.gov.br\/cgnoticias\/wp-json\/wp\/v2\/tags?post=115417"}],"curies":[{"name":"wp","href":"https:\/\/api.w.org\/{rel}","templated":true}]}}