{"id":113520,"date":"2023-12-16T06:00:00","date_gmt":"2023-12-16T10:00:00","guid":{"rendered":"https:\/\/www.campogrande.ms.gov.br\/cgnoticias\/?post_type=sec-noticias&#038;p=113520"},"modified":"2023-12-16T08:56:03","modified_gmt":"2023-12-16T12:56:03","slug":"cidade-do-natal-tera-show-com-participante-do-the-voice-matu-miranda-neste-sabado-16","status":"publish","type":"sec-noticias","link":"https:\/\/www.campogrande.ms.gov.br\/cgnoticias\/noticia\/cidade-do-natal-tera-show-com-participante-do-the-voice-matu-miranda-neste-sabado-16\/","title":{"rendered":"Cidade do Natal ter\u00e1 show com participante do The Voice, Matu Miranda neste s\u00e1bado (16)"},"content":{"rendered":"<p>A Cidade do Natal, na Vila Morena ser\u00e1 palco de mais um show especial. A programa\u00e7\u00e3o do \u201cNatal de CG \u00e9 Tamanho Fam\u00edlia\u201d, traz neste s\u00e1bado (16), o cantor campo-grandense Matu Miranda. Ele participa da edi\u00e7\u00e3o 2023 do programa que revela talentos musicais, The Voice Brasil.<\/p>\n<p>A programa\u00e7\u00e3o do \u201cNatal de CG \u00e9 Tamanho Fam\u00edlia\u201d est\u00e1 repleta de atividades na Capital e segue at\u00e9 o dia 25 de dezembro na 14 de Julho e dia 7 de janeiro de 2024, na Cidade do Natal. Confira a programa\u00e7\u00e3o deste s\u00e1bado (16).<\/p>\n<p><strong>Cidade do Natal<\/strong><\/p>\n<p>Neste s\u00e1bado (16), a partir das 19h, a popula\u00e7\u00e3o pode conferir a apresenta\u00e7\u00e3o do Coral Jovem Adventista, seguida do show do cantor campo-grandense Matu Miranda que participa desta edi\u00e7\u00e3o do The Voice Brasil no time de Carlinhos Brown \u00e0s 20h.<\/p>\n<p>A Parada Natalina acontece todos os dias \u00e0s 21h. A abertura do local \u00e9 \u00e0s 17h e encerra as atividades \u00e0s 22h.<\/p>\n<p><strong>14 de Julho<\/strong><\/p>\n<p>Tamb\u00e9m simultaneamente acontece a programa\u00e7\u00e3o de Natal na Rua 14 de Julho. Neste s\u00e1bado (16), a anima\u00e7\u00e3o fica por conta do New York Circus \u00e0s 19h30 e 21h. A parada natalina no centro acontece todos os dias \u00e0s 19h.<\/p>\n<p><strong>Natal nos Bairros<\/strong><\/p>\n<p>As fam\u00edlias do Distrito de Anhandu\u00ed recebem neste s\u00e1bado (16), a programa\u00e7\u00e3o da Prefeitura do Natal nos Bairros. As atividades ter\u00e3o in\u00edcio \u00e0s 17 horas, na Via Lateral, 2356, ao lado da base da GCM.<\/p>\n<p>A festa nos bairros conta com animador, sorteio de brindes, brinquedos infl\u00e1veis, distribui\u00e7\u00e3o gratuita de pipoca e algod\u00e3o doce, m\u00fasica com a Banda Municipal, al\u00e9m de uma linda decora\u00e7\u00e3o e a presen\u00e7a do \u2018bom velhinho\u2019 em pessoa, o Papai Noel, que chegar\u00e1 no \u00f4nibus do City Tour acompanhado de outros personagens.<\/p>\n","protected":false},"author":463,"featured_media":113636,"template":"","meta":{"custom_icon_class":"","footnotes":""},"categories":[119],"tags":[],"class_list":["post-113520","sec-noticias","type-sec-noticias","status-publish","has-post-thumbnail","hentry","category-agenda-cultural"],"acf":[],"_links":{"self":[{"href":"https:\/\/www.campogrande.ms.gov.br\/cgnoticias\/wp-json\/wp\/v2\/sec-noticias\/113520"}],"collection":[{"href":"https:\/\/www.campogrande.ms.gov.br\/cgnoticias\/wp-json\/wp\/v2\/sec-noticias"}],"about":[{"href":"https:\/\/www.campogrande.ms.gov.br\/cgnoticias\/wp-json\/wp\/v2\/types\/sec-noticias"}],"author":[{"embeddable":true,"href":"https:\/\/www.campogrande.ms.gov.br\/cgnoticias\/wp-json\/wp\/v2\/users\/463"}],"version-history":[{"count":1,"href":"https:\/\/www.campogrande.ms.gov.br\/cgnoticias\/wp-json\/wp\/v2\/sec-noticias\/113520\/revisions"}],"predecessor-version":[{"id":113521,"href":"https:\/\/www.campogrande.ms.gov.br\/cgnoticias\/wp-json\/wp\/v2\/sec-noticias\/113520\/revisions\/113521"}],"wp:featuredmedia":[{"embeddable":true,"href":"https:\/\/www.campogrande.ms.gov.br\/cgnoticias\/wp-json\/wp\/v2\/media\/113636"}],"wp:attachment":[{"href":"https:\/\/www.campogrande.ms.gov.br\/cgnoticias\/wp-json\/wp\/v2\/media?parent=113520"}],"wp:term":[{"taxonomy":"category","embeddable":true,"href":"https:\/\/www.campogrande.ms.gov.br\/cgnoticias\/wp-json\/wp\/v2\/categories?post=113520"},{"taxonomy":"post_tag","embeddable":true,"href":"https:\/\/www.campogrande.ms.gov.br\/cgnoticias\/wp-json\/wp\/v2\/tags?post=113520"}],"curies":[{"name":"wp","href":"https:\/\/api.w.org\/{rel}","templated":true}]}}