{"id":111721,"date":"2023-12-02T07:00:31","date_gmt":"2023-12-02T11:00:31","guid":{"rendered":"https:\/\/www.campogrande.ms.gov.br\/cgnoticias\/?post_type=sec-noticias&#038;p=111721"},"modified":"2023-12-01T12:12:00","modified_gmt":"2023-12-01T16:12:00","slug":"com-a-participacao-de-22-grupos-danca-no-museu-acontece-neste-sabado","status":"publish","type":"sec-noticias","link":"https:\/\/www.campogrande.ms.gov.br\/cgnoticias\/noticia\/com-a-participacao-de-22-grupos-danca-no-museu-acontece-neste-sabado\/","title":{"rendered":"Com a participa\u00e7\u00e3o de 22 grupos, Dan\u00e7a no Museu acontece neste s\u00e1bado"},"content":{"rendered":"<p>Com a presen\u00e7a confirmada de 22 grupos de dan\u00e7a de Campo Grande, acontece neste s\u00e1bado (2), a partir das 18h, mais uma edi\u00e7\u00e3o do projeto &#8220;Dan\u00e7a no Museu&#8221;. O evento \u00e9 uma realiza\u00e7\u00e3o da \u00e1rea da Cultura e Arte da Universidade Cat\u00f3lica Dom Bosco e conta com o apoio da Prefeitura de Campo Grande por meio da Secretaria Municipal de Cultura e Turismo (Sectur).<\/p>\n<p>\u201cO Dan\u00e7a no Museu \u00e9 uma grande celebra\u00e7\u00e3o da nossa cultura. Os grupos se re\u00fanem para mostrar o seu trabalho, sem competi\u00e7\u00e3o. O clima de todas as edi\u00e7\u00f5es \u00e9 de muito companheirismo e rever\u00eancia \u00e0 arte\u201d, afirmou o coordenador de Cultura da UCDB, Roberto Figueiredo.<\/p>\n<p>As apresenta\u00e7\u00f5es acontecem no terra\u00e7o do Museu das Culturas Dom Bosco, no Parque das Na\u00e7\u00f5es Ind\u00edgenas, Altos da Avenida Afonso Pena. O p\u00fablico fiel ao espet\u00e1culo j\u00e1 sabe a dica: do cal\u00e7ad\u00e3o do parque conseguem ver, ouvir e se emocionar com o espet\u00e1culo. Para isso, levam cadeiras, cangas, sentam no gramado e se ajeitam da melhor maneira para n\u00e3o perder nenhuma dan\u00e7a. Est\u00e3o programadas apresenta\u00e7\u00f5es de bal\u00e9 cl\u00e1ssico, dan\u00e7a do ventre, street dance, dan\u00e7a moderna, entre outros estilos.<\/p>\n<p>Al\u00e9m do grupo Ararazul da UCDB, apresentam-se no espet\u00e1culo o Grupo Infantil do Espa\u00e7o de Dan\u00e7a Suzana Leite, Cia de Dan\u00e7a Selma Azambuja, Ballet Jovem Isadora Duncan, Grupo Infantil Zari, Isa Yasmin Est\u00fadio de Dan\u00e7a, S\u00f4ma Cia de Dan\u00e7a, Hana Aysha Dan\u00e7as \u00c1rabes, Soul Cia de Dan\u00e7a, Conex\u00e3o Urbana, Espa\u00e7o de Dan\u00e7a Suzana Leite Unidade Centro, Grupo Mahila, Dancehall Colab, Grupo Siga, Grupo Sanssouci, Cigana Esmeralda Cia de Dan\u00e7a, Lotu&#8217;z, Tahul Dan\u00e7as \u00c1rabes, Cia Canind\u00e9, Grupo Arees, Art Hit e Ballet Marcos Andr\u00e9.<\/p>\n<p><strong>Servi\u00e7o<\/strong><\/p>\n<p>O Museu das Culturas Dom Bosco fica na Avenida Afonso Pena, n.\u00ba 7.000, no Bairro Cidade Jardim. As performances de dan\u00e7as podem ser curtidas da cal\u00e7ada do Parque das Na\u00e7\u00f5es Ind\u00edgenas ou pelo canteiro central da avenida, com in\u00edcio programado para \u00e0s 18h.<\/p>\n","protected":false},"author":464,"featured_media":111723,"template":"","meta":{"custom_icon_class":"","footnotes":""},"categories":[18],"tags":[],"class_list":["post-111721","sec-noticias","type-sec-noticias","status-publish","has-post-thumbnail","hentry","category-cultura"],"acf":[],"_links":{"self":[{"href":"https:\/\/www.campogrande.ms.gov.br\/cgnoticias\/wp-json\/wp\/v2\/sec-noticias\/111721"}],"collection":[{"href":"https:\/\/www.campogrande.ms.gov.br\/cgnoticias\/wp-json\/wp\/v2\/sec-noticias"}],"about":[{"href":"https:\/\/www.campogrande.ms.gov.br\/cgnoticias\/wp-json\/wp\/v2\/types\/sec-noticias"}],"author":[{"embeddable":true,"href":"https:\/\/www.campogrande.ms.gov.br\/cgnoticias\/wp-json\/wp\/v2\/users\/464"}],"version-history":[{"count":2,"href":"https:\/\/www.campogrande.ms.gov.br\/cgnoticias\/wp-json\/wp\/v2\/sec-noticias\/111721\/revisions"}],"predecessor-version":[{"id":111725,"href":"https:\/\/www.campogrande.ms.gov.br\/cgnoticias\/wp-json\/wp\/v2\/sec-noticias\/111721\/revisions\/111725"}],"wp:featuredmedia":[{"embeddable":true,"href":"https:\/\/www.campogrande.ms.gov.br\/cgnoticias\/wp-json\/wp\/v2\/media\/111723"}],"wp:attachment":[{"href":"https:\/\/www.campogrande.ms.gov.br\/cgnoticias\/wp-json\/wp\/v2\/media?parent=111721"}],"wp:term":[{"taxonomy":"category","embeddable":true,"href":"https:\/\/www.campogrande.ms.gov.br\/cgnoticias\/wp-json\/wp\/v2\/categories?post=111721"},{"taxonomy":"post_tag","embeddable":true,"href":"https:\/\/www.campogrande.ms.gov.br\/cgnoticias\/wp-json\/wp\/v2\/tags?post=111721"}],"curies":[{"name":"wp","href":"https:\/\/api.w.org\/{rel}","templated":true}]}}