{"id":110302,"date":"2023-11-17T10:37:24","date_gmt":"2023-11-17T14:37:24","guid":{"rendered":"https:\/\/www.campogrande.ms.gov.br\/cgnoticias\/?post_type=sec-noticias&#038;p=110302"},"modified":"2023-11-17T10:37:24","modified_gmt":"2023-11-17T14:37:24","slug":"prefeitura-abre-inscricoes-de-cadastro-reserva-no-programa-de-inclusao-ao-mercado-de-trabalho-primt","status":"publish","type":"sec-noticias","link":"https:\/\/www.campogrande.ms.gov.br\/cgnoticias\/noticia\/prefeitura-abre-inscricoes-de-cadastro-reserva-no-programa-de-inclusao-ao-mercado-de-trabalho-primt\/","title":{"rendered":"Prefeitura abre inscri\u00e7\u00f5es de cadastro reserva no Programa de Inclus\u00e3o ao Mercado de Trabalho &#8211; PRIMT"},"content":{"rendered":"<p>A Prefeitura de Campo Grande torna p\u00fablico, por meio da Funda\u00e7\u00e3o Social do Trabalho (Funsat), a abertura das inscri\u00e7\u00f5es de cadastro reserva no Programa de Inclus\u00e3o ao Mercado de Trabalho &#8211; PRIMT, aos interessados em prestar servi\u00e7os na Administra\u00e7\u00e3o P\u00fablica Municipal. Todas as informa\u00e7\u00f5es constam no edital n. 04-01-2023, publicado no Diogrande n. 7.277, desta sexta-feira (17).<\/p>\n<p>As inscri\u00e7\u00f5es para o cadastro reserva ser\u00e3o realizadas nos dias 20, 21 e 22 de novembro, na sede da Funsat, das 7h \u00e0s 11h, onde ser\u00e3o disponibilizadas 100 senhas por dia.<\/p>\n<p>Os candidatos ao cadastro reserva no PRIMT dever\u00e3o apresentar os seguintes documentos: Registro Geral de Identifica\u00e7\u00e3o (RG), carteira de trabalho \u2013 CTPS (f\u00edsica ou digital); Inscri\u00e7\u00e3o no Cadastro de Pessoa F\u00edsica \u2013 CPF; Comprovante de resid\u00eancia; Certid\u00e3o de nascimento ou casamento; Certid\u00e3o de nascimento ou RG e CPF, dos filhos, dependentes e agregados; Comprovante da escolaridade ou declara\u00e7\u00e3o de escolaridade; Certificado militar, quando couber; e CAD \u00daNICO (atualizado).<\/p>\n<p>As atividades a serem realizadas pelos benefici\u00e1rios do PRIMT ter\u00e3o car\u00e1ter emergencial, eventual e volunt\u00e1rio, na execu\u00e7\u00e3o de servi\u00e7os de interesse da Administra\u00e7\u00e3o P\u00fablica Municipal e da comunidade local, com prioridade para as seguintes atividades: limpeza, conserva\u00e7\u00e3o e consertos diversos em pra\u00e7as, escolas, centros infantis, centros sociais, unidades de sa\u00fade ou assemelhados, aparelhos e canteiros p\u00fablicos; al\u00e9m de ro\u00e7ada, capina, podas, varri\u00e7\u00e3o e conserva\u00e7\u00e3o de pr\u00f3prios e logradouros p\u00fablicos e prepara\u00e7\u00e3o de \u00e1reas p\u00fablicas para a realiza\u00e7\u00e3o de eventos, entre outras atividades escritas no edital.<\/p>\n<p>O Edital tem por objetivo promover o cadastro de trabalhadores desempregados, residentes no Munic\u00edpio de Campo Grande, visando promover ocupa\u00e7\u00e3o, qualifica\u00e7\u00e3o social e profissional de cidad\u00e3os em situa\u00e7\u00e3o de vulnerabilidade. As vagas ser\u00e3o preenchidas de acordo com as convoca\u00e7\u00f5es realizadas pela Funsat, conforme demanda apresentada pelas secretarias, e que ser\u00e3o publicadas em di\u00e1rio oficial posteriormente.<\/p>\n<p>Poder\u00e3o se inscrever para cadastro reserva os cidad\u00e3os que comprovarem as seguintes situa\u00e7\u00f5es: idade igual ou superior a 18 (dezoito) anos at\u00e9 67 (sessenta e sete) anos; estar inscrito no Cadastro \u00danico para Programas Sociais do Governo Federal (Cad\u00danico) mediante apresenta\u00e7\u00e3o da Folha resumo (que consta a composi\u00e7\u00e3o familiar), N\u00famero de Identifica\u00e7\u00e3o Social (NIS); estar em situa\u00e7\u00e3o de desemprego por per\u00edodo igual ou superior a 06 (seis) meses; declarar resid\u00eancia no munic\u00edpio de Campo Grande h\u00e1, pelo menos 01 (um) ano (apresentar comprovante de resid\u00eancia); possuir renda familiar per capita n\u00e3o superior a \u00bd (meio) sal\u00e1rio m\u00ednimo vigente.<\/p>\n<p>Aos convocados cadastrados que aceitarem executar, voluntariamente, atividades vinculadas ao PRIMT, ser\u00e1 concedida uma bolsa-aux\u00edlio mensal, no valor de um sal\u00e1rio m\u00ednimo de refer\u00eancia nacional, alimenta\u00e7\u00e3o, uma cesta b\u00e1sica mensal e meio de transporte para o local de trabalho, quando necess\u00e1rio.<\/p>\n<p>Aos benefici\u00e1rios convocados para realiza\u00e7\u00e3o de atividades laborais ser\u00e1 oferecido qualifica\u00e7\u00e3o profissional e social, visando \u00e0 prepara\u00e7\u00e3o para a inclus\u00e3o do benefici\u00e1rio no mercado de trabalho formal. A capacita\u00e7\u00e3o profissional dar-se-\u00e1 diretamente atrav\u00e9s de cursos promovidos pela Funsat ou por interm\u00e9dio de parcerias com \u00f3rg\u00e3os e entidades p\u00fablicas ou organiza\u00e7\u00f5es\u00a0privadas ou por meios pr\u00f3prios do benefici\u00e1rio visando a inclus\u00e3o deste no mercado de trabalho.<\/p>\n","protected":false},"author":363,"featured_media":109823,"template":"","meta":{"custom_icon_class":"","footnotes":""},"categories":[16],"tags":[],"class_list":["post-110302","sec-noticias","type-sec-noticias","status-publish","has-post-thumbnail","hentry","category-trabalho"],"acf":[],"_links":{"self":[{"href":"https:\/\/www.campogrande.ms.gov.br\/cgnoticias\/wp-json\/wp\/v2\/sec-noticias\/110302"}],"collection":[{"href":"https:\/\/www.campogrande.ms.gov.br\/cgnoticias\/wp-json\/wp\/v2\/sec-noticias"}],"about":[{"href":"https:\/\/www.campogrande.ms.gov.br\/cgnoticias\/wp-json\/wp\/v2\/types\/sec-noticias"}],"author":[{"embeddable":true,"href":"https:\/\/www.campogrande.ms.gov.br\/cgnoticias\/wp-json\/wp\/v2\/users\/363"}],"version-history":[{"count":1,"href":"https:\/\/www.campogrande.ms.gov.br\/cgnoticias\/wp-json\/wp\/v2\/sec-noticias\/110302\/revisions"}],"predecessor-version":[{"id":110303,"href":"https:\/\/www.campogrande.ms.gov.br\/cgnoticias\/wp-json\/wp\/v2\/sec-noticias\/110302\/revisions\/110303"}],"wp:featuredmedia":[{"embeddable":true,"href":"https:\/\/www.campogrande.ms.gov.br\/cgnoticias\/wp-json\/wp\/v2\/media\/109823"}],"wp:attachment":[{"href":"https:\/\/www.campogrande.ms.gov.br\/cgnoticias\/wp-json\/wp\/v2\/media?parent=110302"}],"wp:term":[{"taxonomy":"category","embeddable":true,"href":"https:\/\/www.campogrande.ms.gov.br\/cgnoticias\/wp-json\/wp\/v2\/categories?post=110302"},{"taxonomy":"post_tag","embeddable":true,"href":"https:\/\/www.campogrande.ms.gov.br\/cgnoticias\/wp-json\/wp\/v2\/tags?post=110302"}],"curies":[{"name":"wp","href":"https:\/\/api.w.org\/{rel}","templated":true}]}}