{"id":109494,"date":"2023-11-06T11:00:43","date_gmt":"2023-11-06T15:00:43","guid":{"rendered":"https:\/\/www.campogrande.ms.gov.br\/cgnoticias\/?post_type=sec-noticias&#038;p=109494"},"modified":"2023-11-06T10:43:37","modified_gmt":"2023-11-06T14:43:37","slug":"requalificacao-incentiva-oferta-de-novos-usos-e-servicos-na-area-central","status":"publish","type":"sec-noticias","link":"https:\/\/www.campogrande.ms.gov.br\/cgnoticias\/noticia\/requalificacao-incentiva-oferta-de-novos-usos-e-servicos-na-area-central\/","title":{"rendered":"Requalifica\u00e7\u00e3o incentiva oferta de novos usos e servi\u00e7os na \u00e1rea central"},"content":{"rendered":"<p>Impulsionar novos usos e servi\u00e7os na \u00e1rea central com a requalifica\u00e7\u00e3o do espa\u00e7o urbano sempre foi um dos objetivos do Programa Reviva Campo Grande, executado pela Prefeitura Municipal. Financiadas pelo BID \u2013 Banco Interamericano de Desenvolvimento, as melhorias na infraestrutura do cora\u00e7\u00e3o comercial da Capital passaram por embutimento de redes, drenagem, pavimenta\u00e7\u00e3o, alargamento de vias, padroniza\u00e7\u00e3o de cal\u00e7adas, ilumina\u00e7\u00e3o em LED, instala\u00e7\u00e3o de mobili\u00e1rio urbano como bancos, lixeiras e biciclet\u00e1rios, entre outras benfeitorias. A regi\u00e3o, com mais de 100 quadras, est\u00e1 mais segura, confort\u00e1vel, climatizada por conta da arboriza\u00e7\u00e3o e com acessibilidade universal garantida.<\/p>\n<p>Foi o que levou o empres\u00e1rio Victor Petuco a inaugurar h\u00e1 dois meses, a primeira academia de gin\u00e1stica no centro, bem na Rua Marechal Rondon. Al\u00e9m da inova\u00e7\u00e3o no segmento, o novo neg\u00f3cio inova no hor\u00e1rio estendido, funcionando das 5:30h at\u00e9 a meia-noite. \u201cEstamos na regi\u00e3o central, em frente a um shopping, n\u00e3o tem nenhuma academia aqui, ent\u00e3o n\u00e3o tem concorr\u00eancia. Tem muito morador do centro que vem aqui. Depois que teve o Reviva, o centro de Campo Grande ficou muito mais bonito, ent\u00e3o \u00e9 bom para todos, d\u00e1 gosto de vir para c\u00e1\u201d. Victor ainda d\u00e1 uma dica de investimento para quem quiser inovar. \u201cS\u00f3 falta um mercado agora\u201d.<\/p>\n<p><img fetchpriority=\"high\" decoding=\"async\" class=\"alignnone wp-image-109500 size-full\" src=\"https:\/\/prefcg-repositorio.campogrande.ms.gov.br\/wp-cdn\/uploads\/sites\/3\/2023\/11\/WhatsApp-Image-2023-10-24-at-10.33.38.jpeg\" alt=\"\" width=\"1600\" height=\"900\" srcset=\"https:\/\/cdn.campogrande.ms.gov.br\/portal\/prod\/uploads\/sites\/3\/2023\/11\/WhatsApp-Image-2023-10-24-at-10.33.38.jpeg 1600w, https:\/\/cdn.campogrande.ms.gov.br\/portal\/prod\/uploads\/sites\/3\/2023\/11\/WhatsApp-Image-2023-10-24-at-10.33.38-300x169.jpeg 300w, https:\/\/cdn.campogrande.ms.gov.br\/portal\/prod\/uploads\/sites\/3\/2023\/11\/WhatsApp-Image-2023-10-24-at-10.33.38-1024x576.jpeg 1024w, https:\/\/cdn.campogrande.ms.gov.br\/portal\/prod\/uploads\/sites\/3\/2023\/11\/WhatsApp-Image-2023-10-24-at-10.33.38-768x432.jpeg 768w, https:\/\/cdn.campogrande.ms.gov.br\/portal\/prod\/uploads\/sites\/3\/2023\/11\/WhatsApp-Image-2023-10-24-at-10.33.38-1536x864.jpeg 1536w, https:\/\/cdn.campogrande.ms.gov.br\/portal\/prod\/uploads\/sites\/3\/2023\/11\/WhatsApp-Image-2023-10-24-at-10.33.38-890x500.jpeg 890w, https:\/\/cdn.campogrande.ms.gov.br\/portal\/prod\/uploads\/sites\/3\/2023\/11\/WhatsApp-Image-2023-10-24-at-10.33.38-356x200.jpeg 356w\" sizes=\"(max-width: 1600px) 100vw, 1600px\" \/><\/p>\n<p>Quem tamb\u00e9m deve aproveitar a lacuna de empreendimentos funcionando no per\u00edodo noturno \u00e9 o empres\u00e1rio Bruno Salabastian. Em Campo Grande h\u00e1 cinco anos, o publicit\u00e1rio percebeu que, depois da pandemia, os lugares e espa\u00e7os de entretenimento e gastronomia precisavam de uma renova\u00e7\u00e3o. Ent\u00e3o, ele se juntou aos amigos Leo e Mercolis para abrir um bar na Rua 14 de Julho. \u201cFizemos pesquisas para entendermos um pouco mais do que faltava de op\u00e7\u00e3o e o que poderia suprir a vontade de Campo Grande. E, compreendendo tudo que quer\u00edamos oferecer, pensamos no bar e restaurante, que com o tempo virar\u00e1 um cl\u00e1ssico boteco\u201d.<\/p>\n<p>Bruno comenta que a 14 de Julho requalificada era exatamente o local que combinava com a proposta do novo neg\u00f3cio. \u201cQuer\u00edamos um espa\u00e7o que al\u00e9m de interagir com a rua, fizesse parte de um local central e conhecido em Campo Grande. Passamos cinco meses s\u00f3 decidindo local e, no afunilamento de ideias, acabamos optando pela 14 de julho por toda a estrutura que ela proporciona e porque condizia com o conceito do local, cal\u00e7ada grande, bancos que j\u00e1 fazem parte da estrutura da rua, o que foi facilitando para toda a ideia do bar\u201d.<\/p>\n<p>Na Rua Bar\u00e3o de Melga\u00e7o, outra via que faz parte da \u00e1rea requalificada, a novidade \u00e9 um gin\u00e1sio de escalada esportiva, inaugurado no in\u00edcio de outubro. \u201c\u00c9 um esporte que at\u00e9 virou ol\u00edmpico, agora em Tokyo. A gente construiu do zero, procuramos terrenos com certa liberdade, estudando os regulamentos de ocupa\u00e7\u00e3o de solo e afins da Prefeitura e esse espa\u00e7o atendia todas as nossas necessidades\u201d, conta o propriet\u00e1rio Lu\u00eds Carlos Diaz Brett. Ele destaca ainda a qualidade do asfalto e ilumina\u00e7\u00e3o como pontos positivos para escolha da instala\u00e7\u00e3o.<\/p>\n<p><img decoding=\"async\" class=\"alignnone wp-image-109498 size-full\" src=\"https:\/\/prefcg-repositorio.campogrande.ms.gov.br\/wp-cdn\/uploads\/sites\/3\/2023\/11\/fto-22-1-scaled.jpg\" alt=\"\" width=\"2560\" height=\"1707\" srcset=\"https:\/\/cdn.campogrande.ms.gov.br\/portal\/prod\/uploads\/sites\/3\/2023\/11\/fto-22-1-scaled.jpg 2560w, https:\/\/cdn.campogrande.ms.gov.br\/portal\/prod\/uploads\/sites\/3\/2023\/11\/fto-22-1-300x200.jpg 300w, https:\/\/cdn.campogrande.ms.gov.br\/portal\/prod\/uploads\/sites\/3\/2023\/11\/fto-22-1-1024x683.jpg 1024w, https:\/\/cdn.campogrande.ms.gov.br\/portal\/prod\/uploads\/sites\/3\/2023\/11\/fto-22-1-768x512.jpg 768w, https:\/\/cdn.campogrande.ms.gov.br\/portal\/prod\/uploads\/sites\/3\/2023\/11\/fto-22-1-1536x1024.jpg 1536w, https:\/\/cdn.campogrande.ms.gov.br\/portal\/prod\/uploads\/sites\/3\/2023\/11\/fto-22-1-2048x1365.jpg 2048w\" sizes=\"(max-width: 2560px) 100vw, 2560px\" \/><\/p>\n<p>A reativa\u00e7\u00e3o do emblem\u00e1tico Hotel Campo Grande tamb\u00e9m promete movimentar o centro. Com previs\u00e3o de in\u00edcio das obras em janeiro de 2024, o projeto vai agregar clientes e, consequentemente, refletir no consumo no com\u00e9rcio da regi\u00e3o. O empres\u00e1rio Wagner Borges conta que as atividades no empreendimento come\u00e7am a partir de dezembro do ano que vem. \u201cVemos que o centro tem muito a crescer\u201d. O projeto do Hotel tem investimento de R$50 milh\u00f5es.<\/p>\n<p>Renato Paniago, presidente da Associa\u00e7\u00e3o Comercial e Industrial de Campo Grande (ACICG), avalia positivamente o novo cen\u00e1rio e comemora a instala\u00e7\u00e3o e diversifica\u00e7\u00e3o dos neg\u00f3cios. &#8220;A abertura de novas empresas no centro \u00e9 muito ben\u00e9fica pois contribui para o desenvolvimento da regi\u00e3o fornecendo bens e servi\u00e7os necess\u00e1rios para quem trabalha ou reside no local. Os consumidores se beneficiam pela comodidade ao encontrar uma variedade de produtos e servi\u00e7os na mesma \u00e1rea. Al\u00e9m disso, a chegada de novos neg\u00f3cios sempre gera novas oportunidades de emprego, aumentando a renda das fam\u00edlias, beneficiando a economia como um todo&#8221;, analisa Paniago.<\/p>\n<p>Para a coordenadora do Reviva, Catiana Sabadin, aumentar os atrativos e a oferta de novos servi\u00e7os na regi\u00e3o central \u00e9 uma tend\u00eancia p\u00f3s-requalifica\u00e7\u00e3o que vem mais forte com o fim da pandemia. \u201cEstamos chegando ao per\u00edodo de festas, Natal e uma via que garanta comodidade aos frequentadores \u00e9 a certeza de aumento de fluxo e, consequentemente, de consumo\u201d.<\/p>\n<p>A prefeita da Capital, Adriane Lopes, refor\u00e7a que o centro da cidade j\u00e1 est\u00e1 se preparando para as festas de fim de ano. \u201cVamos iluminar a regi\u00e3o, a Rua 14 de Julho ser\u00e1 novamente palco das festividades, com v\u00e1rias atra\u00e7\u00f5es e com isso, esperamos impulsionar as vendas no com\u00e9rcio, como feito nos anos anteriores\u201d.<\/p>\n<p>&nbsp;<\/p>\n","protected":false},"author":310,"featured_media":109497,"template":"","meta":{"custom_icon_class":"","footnotes":""},"categories":[67],"tags":[],"class_list":["post-109494","sec-noticias","type-sec-noticias","status-publish","has-post-thumbnail","hentry","category-desenvolvimento-urbano"],"acf":[],"_links":{"self":[{"href":"https:\/\/www.campogrande.ms.gov.br\/cgnoticias\/wp-json\/wp\/v2\/sec-noticias\/109494"}],"collection":[{"href":"https:\/\/www.campogrande.ms.gov.br\/cgnoticias\/wp-json\/wp\/v2\/sec-noticias"}],"about":[{"href":"https:\/\/www.campogrande.ms.gov.br\/cgnoticias\/wp-json\/wp\/v2\/types\/sec-noticias"}],"author":[{"embeddable":true,"href":"https:\/\/www.campogrande.ms.gov.br\/cgnoticias\/wp-json\/wp\/v2\/users\/310"}],"version-history":[{"count":3,"href":"https:\/\/www.campogrande.ms.gov.br\/cgnoticias\/wp-json\/wp\/v2\/sec-noticias\/109494\/revisions"}],"predecessor-version":[{"id":109533,"href":"https:\/\/www.campogrande.ms.gov.br\/cgnoticias\/wp-json\/wp\/v2\/sec-noticias\/109494\/revisions\/109533"}],"wp:featuredmedia":[{"embeddable":true,"href":"https:\/\/www.campogrande.ms.gov.br\/cgnoticias\/wp-json\/wp\/v2\/media\/109497"}],"wp:attachment":[{"href":"https:\/\/www.campogrande.ms.gov.br\/cgnoticias\/wp-json\/wp\/v2\/media?parent=109494"}],"wp:term":[{"taxonomy":"category","embeddable":true,"href":"https:\/\/www.campogrande.ms.gov.br\/cgnoticias\/wp-json\/wp\/v2\/categories?post=109494"},{"taxonomy":"post_tag","embeddable":true,"href":"https:\/\/www.campogrande.ms.gov.br\/cgnoticias\/wp-json\/wp\/v2\/tags?post=109494"}],"curies":[{"name":"wp","href":"https:\/\/api.w.org\/{rel}","templated":true}]}}