{"id":109137,"date":"2023-10-31T16:00:57","date_gmt":"2023-10-31T20:00:57","guid":{"rendered":"https:\/\/www.campogrande.ms.gov.br\/cgnoticias\/?post_type=sec-noticias&#038;p=109137"},"modified":"2023-11-01T16:31:13","modified_gmt":"2023-11-01T20:31:13","slug":"danca-e-conscientizacao-alunos-da-funesp-movimentam-o-parque-ayrton-senna-no-aulao-do-outubro-rosa","status":"publish","type":"sec-noticias","link":"https:\/\/www.campogrande.ms.gov.br\/cgnoticias\/noticia\/danca-e-conscientizacao-alunos-da-funesp-movimentam-o-parque-ayrton-senna-no-aulao-do-outubro-rosa\/","title":{"rendered":"Dan\u00e7a e Conscientiza\u00e7\u00e3o &#8211; Alunos da Funesp movimentam o Parque Ayrton Senna no Aul\u00e3o do Outubro Rosa"},"content":{"rendered":"<p>Com energia contagiante, alunas e alunos do Programa Movimenta Campo Grande &#8211; projeto da Funda\u00e7\u00e3o Municipal de Esportes (Funesp)- participaram do &#8216;Aul\u00e3o do Outubro Rosa&#8217; nessa segunda-feira (30), no Parque Ayrton Senna. O aul\u00e3o ocorreu em prol de uma causa nobre: a conscientiza\u00e7\u00e3o sobre a preven\u00e7\u00e3o do c\u00e2ncer de mama. Cerca de 300 pessoas estiveram presentes no evento, com muito movimento, m\u00fasica e, acima de tudo, solidariedade.<\/p>\n<p>O Parque Ayrton Senna, conhecido por seus espa\u00e7os verdes e atividades f\u00edsicas, transformou-se em um palco de dan\u00e7a coletiva. O evento iniciou com uma sess\u00e3o revigorante de alongamento, preparando os participantes para as atividades que viriam em seguida. Os alunos, movidos pela m\u00fasica e pela determina\u00e7\u00e3o, mergulharam em uma sess\u00e3o de Zumba e Fitdance, explorando ritmos animados e coreografias envolventes.<\/p>\n<p>A iniciativa, organizada pela Funesp, por meio da Diretoria de Desenvolvimento Esporte e Lazer\u00a0 (DDEL), al\u00e9m de conscientizar sobre a import\u00e2ncia da atividade f\u00edsica na preven\u00e7\u00e3o do c\u00e2ncer de mama e tamb\u00e9m cria um ambiente onde o entendimento floresce por meio da dan\u00e7a e da alegria compartilhada.<\/p>\n<p>Al\u00e9m de proporcionar uma experi\u00eancia divertida e energizante, o aul\u00e3o no Parque Ayrton Senna refor\u00e7a a ideia de que a conscientiza\u00e7\u00e3o pode ser eficaz quando combinada com atividades que inspiram e unem as pessoas. Os participantes n\u00e3o apenas dan\u00e7aram; eles expressaram solidariedade, apoio e por meio dos movimentos, criando uma sinergia \u00fanica que elevou o esp\u00edrito coletivo.<\/p>\n<p>Thaiane Aparecida da Silva, 51 anos, auxiliar de log\u00edstica, disse que faz atividade na Funda\u00e7\u00e3o h\u00e1 10 anos. Para ela, as oficinas de dan\u00e7a ajudam no tratamento mental e f\u00edsico. \u201cEste tipo de aula \u00e9 muito importante para minha sa\u00fade. Na pandemia eu fiquei dentro de casa em depress\u00e3o e as atividades on-lines das professoras da Funesp me tiraram do buraco. O contato com as amigas e professores aqui no parque s\u00e3o importantes.\u201d<\/p>\n<p>Maura Maria de Souza, assistente social, pratica dan\u00e7a e participa de grupo de corrida. Est\u00e1 h\u00e1 sete anos fazendo atividades f\u00edsicas. A dan\u00e7a a ajudou a complementar seu tratamento do c\u00e2ncer de mama. &#8220;Aqui temos intera\u00e7\u00e3o, distra\u00e7\u00e3o, sa\u00edmos um pouco da rotina, faz muito bem. Eu j\u00e1 fui v\u00edtima do c\u00e2ncer de mama em 2015. Era maligno, tratei e depois logo em seguida ao tratamento comecei a pr\u00e1tica de atividade f\u00edsica, porque tomava muito medicamento e havia a quimioterapia. Precisava fazer alguma coisa&#8221;.<\/p>\n<p><img fetchpriority=\"high\" decoding=\"async\" class=\"alignnone size-full wp-image-109265\" src=\"https:\/\/prefcg-repositorio.campogrande.ms.gov.br\/wp-cdn\/uploads\/sites\/3\/2023\/10\/WhatsApp-Image-2023-11-01-at-16.20.50.jpeg\" alt=\"\" width=\"1600\" height=\"1204\" srcset=\"https:\/\/cdn.campogrande.ms.gov.br\/portal\/prod\/uploads\/sites\/3\/2023\/10\/WhatsApp-Image-2023-11-01-at-16.20.50.jpeg 1600w, https:\/\/cdn.campogrande.ms.gov.br\/portal\/prod\/uploads\/sites\/3\/2023\/10\/WhatsApp-Image-2023-11-01-at-16.20.50-300x226.jpeg 300w, https:\/\/cdn.campogrande.ms.gov.br\/portal\/prod\/uploads\/sites\/3\/2023\/10\/WhatsApp-Image-2023-11-01-at-16.20.50-1024x771.jpeg 1024w, https:\/\/cdn.campogrande.ms.gov.br\/portal\/prod\/uploads\/sites\/3\/2023\/10\/WhatsApp-Image-2023-11-01-at-16.20.50-768x578.jpeg 768w, https:\/\/cdn.campogrande.ms.gov.br\/portal\/prod\/uploads\/sites\/3\/2023\/10\/WhatsApp-Image-2023-11-01-at-16.20.50-1536x1156.jpeg 1536w\" sizes=\"(max-width: 1600px) 100vw, 1600px\" \/><\/p>\n<p>Jessica Bastos de Souza, professora que oferece zumba e treino funcional na Funesp, afirma que o evento socializa as alunas, as comunidades e os bairros. Segundo ela, \u00e9 fundamental que a comunidade local conhe\u00e7a o parque. &#8220;Organizamos esse evento porque a maioria dos frequentadores s\u00e3o mulheres e o c\u00e2ncer de mama, na maior parte atinge esse grupo de pessoas. Ent\u00e3o deixamos elas em alerta com informa\u00e7\u00f5es para se cuidarem. Passamos informa\u00e7\u00f5es sobre onde est\u00e1 tendo exames gratuitos, trocamos informa\u00e7\u00f5es.&#8221;<\/p>\n<p>O diretor-presidente da Funda\u00e7\u00e3o, Maicon Mommad, destacou a a\u00e7\u00e3o como um grande benef\u00edcio \u00e0 sa\u00fade f\u00edsica e de conscientiza\u00e7\u00e3o. \u201cEsse evento n\u00e3o apenas celebrou a vitalidade da vida, mas tamb\u00e9m destacou a import\u00e2ncia de estar ativo, saud\u00e1vel e unido na luta contra o c\u00e2ncer de mama. As alunas e alunos, juntamente com o Programa Movimenta, deixaram uma marca, lembrando a todos n\u00f3s que a conscientiza\u00e7\u00e3o pode ser t\u00e3o cativante quanto inspiradora.\u201d<\/p>\n<p><img decoding=\"async\" class=\"alignnone size-full wp-image-109266\" src=\"https:\/\/prefcg-repositorio.campogrande.ms.gov.br\/wp-cdn\/uploads\/sites\/3\/2023\/10\/WhatsApp-Image-2023-11-01-at-16.20.52-1.jpeg\" alt=\"\" width=\"1600\" height=\"1204\" srcset=\"https:\/\/cdn.campogrande.ms.gov.br\/portal\/prod\/uploads\/sites\/3\/2023\/10\/WhatsApp-Image-2023-11-01-at-16.20.52-1.jpeg 1600w, https:\/\/cdn.campogrande.ms.gov.br\/portal\/prod\/uploads\/sites\/3\/2023\/10\/WhatsApp-Image-2023-11-01-at-16.20.52-1-300x226.jpeg 300w, https:\/\/cdn.campogrande.ms.gov.br\/portal\/prod\/uploads\/sites\/3\/2023\/10\/WhatsApp-Image-2023-11-01-at-16.20.52-1-1024x771.jpeg 1024w, https:\/\/cdn.campogrande.ms.gov.br\/portal\/prod\/uploads\/sites\/3\/2023\/10\/WhatsApp-Image-2023-11-01-at-16.20.52-1-768x578.jpeg 768w, https:\/\/cdn.campogrande.ms.gov.br\/portal\/prod\/uploads\/sites\/3\/2023\/10\/WhatsApp-Image-2023-11-01-at-16.20.52-1-1536x1156.jpeg 1536w\" sizes=\"(max-width: 1600px) 100vw, 1600px\" \/><\/p>\n","protected":false},"author":464,"featured_media":109264,"template":"","meta":{"custom_icon_class":"","footnotes":""},"categories":[85,40],"tags":[],"class_list":["post-109137","sec-noticias","type-sec-noticias","status-publish","has-post-thumbnail","hentry","category-lazer","category-saude"],"acf":[],"_links":{"self":[{"href":"https:\/\/www.campogrande.ms.gov.br\/cgnoticias\/wp-json\/wp\/v2\/sec-noticias\/109137"}],"collection":[{"href":"https:\/\/www.campogrande.ms.gov.br\/cgnoticias\/wp-json\/wp\/v2\/sec-noticias"}],"about":[{"href":"https:\/\/www.campogrande.ms.gov.br\/cgnoticias\/wp-json\/wp\/v2\/types\/sec-noticias"}],"author":[{"embeddable":true,"href":"https:\/\/www.campogrande.ms.gov.br\/cgnoticias\/wp-json\/wp\/v2\/users\/464"}],"version-history":[{"count":3,"href":"https:\/\/www.campogrande.ms.gov.br\/cgnoticias\/wp-json\/wp\/v2\/sec-noticias\/109137\/revisions"}],"predecessor-version":[{"id":109267,"href":"https:\/\/www.campogrande.ms.gov.br\/cgnoticias\/wp-json\/wp\/v2\/sec-noticias\/109137\/revisions\/109267"}],"wp:featuredmedia":[{"embeddable":true,"href":"https:\/\/www.campogrande.ms.gov.br\/cgnoticias\/wp-json\/wp\/v2\/media\/109264"}],"wp:attachment":[{"href":"https:\/\/www.campogrande.ms.gov.br\/cgnoticias\/wp-json\/wp\/v2\/media?parent=109137"}],"wp:term":[{"taxonomy":"category","embeddable":true,"href":"https:\/\/www.campogrande.ms.gov.br\/cgnoticias\/wp-json\/wp\/v2\/categories?post=109137"},{"taxonomy":"post_tag","embeddable":true,"href":"https:\/\/www.campogrande.ms.gov.br\/cgnoticias\/wp-json\/wp\/v2\/tags?post=109137"}],"curies":[{"name":"wp","href":"https:\/\/api.w.org\/{rel}","templated":true}]}}