{"id":108686,"date":"2023-10-26T14:00:23","date_gmt":"2023-10-26T18:00:23","guid":{"rendered":"https:\/\/www.campogrande.ms.gov.br\/cgnoticias\/?post_type=sec-noticias&#038;p=108686"},"modified":"2023-10-26T14:30:25","modified_gmt":"2023-10-26T18:30:25","slug":"palestra-mostra-importancia-da-gestao-financeira-para-sucesso-nos-negocios","status":"publish","type":"sec-noticias","link":"https:\/\/www.campogrande.ms.gov.br\/cgnoticias\/noticia\/palestra-mostra-importancia-da-gestao-financeira-para-sucesso-nos-negocios\/","title":{"rendered":"Palestra mostra import\u00e2ncia da gest\u00e3o financeira para sucesso nos neg\u00f3cios"},"content":{"rendered":"<p style=\"font-weight: 400\">O controle financeiro \u00e9 uma ferramenta crucial para manter a sa\u00fade e a sustentabilidade de qualquer neg\u00f3cio. N\u00e3o adianta ter um produto incr\u00edvel, que traga uma solu\u00e7\u00e3o inovadora, se na hora de gerir voc\u00ea falha. Acompanhar de perto as receitas e despesas, garantindo que operem com efici\u00eancia e lucratividade, \u00e9 essencial para o sucesso do empreendimento.<\/p>\n<p style=\"font-weight: 400\">Jos\u00e9 Luiz Charbel e Gustavo Nunes sabem bem. Empres\u00e1rios e consultores financeiros, eles est\u00e3o acostumados a ajudar quem quer empreender.<\/p>\n<p style=\"font-weight: 400\">\u201cA gente tem levado conhecimento na \u00e1rea de vendas, finan\u00e7as e marketing para micro e pequenos empreendedores de toda Campo Grande. Quero agradecer a gest\u00e3o municipal por esse espa\u00e7o, por podermos compartilhar nosso conhecimento em marketing e finan\u00e7as aqui na Sala de Treinamento do P\u00e1tio Central com os empreendedores e empres\u00e1rios do centro da cidade\u201d, diz Gustavo Nunes.<\/p>\n<p style=\"font-weight: 400\">J\u00e1 Jos\u00e9 Luiz Charbel explica que na palestra eles d\u00e3o v\u00e1rios insights importantes para quem quer melhorar o pr\u00f3prio neg\u00f3cio.\u00a0Eles mostram para as pessoas como elas podem usar a tecnologia para aprimorar seus neg\u00f3cios e vender mais. O objetivo \u00e9 trazer desenvolvimento e inova\u00e7\u00e3o para que os empres\u00e1rios possam crescer e gerar mais empregos e riquezas para a Capital das Oportunidades.<\/p>\n<p><img fetchpriority=\"high\" decoding=\"async\" class=\"alignnone wp-image-108688\" src=\"https:\/\/prefcg-repositorio.campogrande.ms.gov.br\/wp-cdn\/uploads\/sites\/3\/2023\/10\/WhatsApp-Image-2023-10-25-at-15.07.18-300x200.jpeg\" alt=\"\" width=\"1284\" height=\"856\" srcset=\"https:\/\/cdn.campogrande.ms.gov.br\/portal\/prod\/uploads\/sites\/3\/2023\/10\/WhatsApp-Image-2023-10-25-at-15.07.18-300x200.jpeg 300w, https:\/\/cdn.campogrande.ms.gov.br\/portal\/prod\/uploads\/sites\/3\/2023\/10\/WhatsApp-Image-2023-10-25-at-15.07.18-1024x682.jpeg 1024w, https:\/\/cdn.campogrande.ms.gov.br\/portal\/prod\/uploads\/sites\/3\/2023\/10\/WhatsApp-Image-2023-10-25-at-15.07.18-768x512.jpeg 768w, https:\/\/cdn.campogrande.ms.gov.br\/portal\/prod\/uploads\/sites\/3\/2023\/10\/WhatsApp-Image-2023-10-25-at-15.07.18-1536x1023.jpeg 1536w, https:\/\/cdn.campogrande.ms.gov.br\/portal\/prod\/uploads\/sites\/3\/2023\/10\/WhatsApp-Image-2023-10-25-at-15.07.18.jpeg 1600w\" sizes=\"(max-width: 1284px) 100vw, 1284px\" \/><\/p>\n<p style=\"font-weight: 400\">A professora em est\u00fadio de pilates, Keila Pimenta, diz ter procurado a palestra devido ao tema. \u201cEstou come\u00e7ando e preciso captar clientes e aprender sobre planejamento. Entender onde estou e quero chegar. Esta \u00e9 a segunda palestra que participo e estou gostando muito, porque s\u00e3o temas interessantes e importantes para o nosso dia a dia\u201d, pontua.<\/p>\n<p style=\"font-weight: 400\">Al\u00e9m disso, ela ressalta que o fato de a palestra ser de gra\u00e7a \u00e9 um chamariz a mais. \u201cMuito bom as palestras serem gratuitas, para n\u00f3s \u00e9 \u00f3timo estar apreendendo esses conhecimentos. A gente precisa aprender como vender, como planejar para que nossa empresa possa crescer\u201d, conclui.<\/p>\n<p style=\"font-weight: 400\">Para o secret\u00e1rio municipal de Inova\u00e7\u00e3o, Desenvolvimento Econ\u00f4mico e Agroneg\u00f3cio, Adelaido Vila, o tema \u00e9 atual e fundamental para quem quer permanecer no mercado. \u201cO controle financeiro no varejo ajuda a gerenciar o estoque de forma mais eficaz, evitando o ac\u00famulo de produtos obsoletos e a falta de itens essenciais. Tamb\u00e9m permite a an\u00e1lise de tend\u00eancias de vendas, identificando os produtos mais populares e ajustando o estoque de acordo\u201d, diz.<\/p>\n<p style=\"font-weight: 400\">Ele ainda complementa e diz que outro aspecto importante \u00e9 a capacidade de tomar decis\u00f5es estrat\u00e9gicas embasadas em dados financeiros s\u00f3lidos. Isso inclui a defini\u00e7\u00e3o de pre\u00e7os competitivos, a expans\u00e3o para novos mercados e a cria\u00e7\u00e3o de programas de fidelidade para os clientes, por exemplo.<\/p>\n<p style=\"font-weight: 400\">A palestra \u201cComo organizar suas finan\u00e7as e vender mais\u201d aconteceu na \u00faltima quarta-feira (25), na Sala de Treinamento da Sidagro no P\u00e1tio Central Shopping \u2013 Rua Mal. Rondon, 1280 \u2013 Centro. Todas as quartas-feiras s\u00e3o oferecidas palestras com temas diferentes para fomentar o com\u00e9rcio local. Para mais informa\u00e7\u00f5es ligue 4042-0497.<\/p>\n","protected":false},"author":463,"featured_media":108687,"template":"","meta":{"custom_icon_class":"","footnotes":""},"categories":[68],"tags":[],"class_list":["post-108686","sec-noticias","type-sec-noticias","status-publish","has-post-thumbnail","hentry","category-desenvolvimento-economico"],"acf":[],"_links":{"self":[{"href":"https:\/\/www.campogrande.ms.gov.br\/cgnoticias\/wp-json\/wp\/v2\/sec-noticias\/108686"}],"collection":[{"href":"https:\/\/www.campogrande.ms.gov.br\/cgnoticias\/wp-json\/wp\/v2\/sec-noticias"}],"about":[{"href":"https:\/\/www.campogrande.ms.gov.br\/cgnoticias\/wp-json\/wp\/v2\/types\/sec-noticias"}],"author":[{"embeddable":true,"href":"https:\/\/www.campogrande.ms.gov.br\/cgnoticias\/wp-json\/wp\/v2\/users\/463"}],"version-history":[{"count":1,"href":"https:\/\/www.campogrande.ms.gov.br\/cgnoticias\/wp-json\/wp\/v2\/sec-noticias\/108686\/revisions"}],"predecessor-version":[{"id":108689,"href":"https:\/\/www.campogrande.ms.gov.br\/cgnoticias\/wp-json\/wp\/v2\/sec-noticias\/108686\/revisions\/108689"}],"wp:featuredmedia":[{"embeddable":true,"href":"https:\/\/www.campogrande.ms.gov.br\/cgnoticias\/wp-json\/wp\/v2\/media\/108687"}],"wp:attachment":[{"href":"https:\/\/www.campogrande.ms.gov.br\/cgnoticias\/wp-json\/wp\/v2\/media?parent=108686"}],"wp:term":[{"taxonomy":"category","embeddable":true,"href":"https:\/\/www.campogrande.ms.gov.br\/cgnoticias\/wp-json\/wp\/v2\/categories?post=108686"},{"taxonomy":"post_tag","embeddable":true,"href":"https:\/\/www.campogrande.ms.gov.br\/cgnoticias\/wp-json\/wp\/v2\/tags?post=108686"}],"curies":[{"name":"wp","href":"https:\/\/api.w.org\/{rel}","templated":true}]}}