{"id":108647,"date":"2023-10-29T06:00:36","date_gmt":"2023-10-29T10:00:36","guid":{"rendered":"https:\/\/www.campogrande.ms.gov.br\/cgnoticias\/?post_type=sec-noticias&#038;p=108647"},"modified":"2023-10-27T08:55:30","modified_gmt":"2023-10-27T12:55:30","slug":"campo-grande-conta-com-74-pontos-de-wi-fi-gratuito-para-a-populacao","status":"publish","type":"sec-noticias","link":"https:\/\/www.campogrande.ms.gov.br\/cgnoticias\/noticia\/campo-grande-conta-com-74-pontos-de-wi-fi-gratuito-para-a-populacao\/","title":{"rendered":"Campo Grande conta com 74 pontos de Wi-Fi gratuito para a popula\u00e7\u00e3o"},"content":{"rendered":"<p>A Prefeitura de Campo Grande, por meio da Ag\u00eancia Municipal de Tecnologia da Informa\u00e7\u00e3o e Inova\u00e7\u00e3o (Agetec), oferece aos campo-grandenses atrav\u00e9s da Rede Municipal de Alta Velocidade, o servi\u00e7o de acesso gratuito \u00e0 internet em diversos pontos da cidade, de forma \u00e1gil e simplificada.<\/p>\n<p>Hoje Campo Grande conta com 74 pontos de Wi-Fi totalmente gratuito e proporciona para a popula\u00e7\u00e3o um acesso \u00e0 internet de qualidade, seja em uma unidade de sa\u00fade a uma pra\u00e7a, est\u00e3o sempre dispon\u00edveis. De acordo com o levantamento mais recente realizado pela Agetec, de setembro at\u00e9 momento, j\u00e1 somam 157.172 acessos \u00e0 rede gratuita.<\/p>\n<p>\u201cTemos pontos instalados nas sete regi\u00f5es da cidade, com prioridade nas unidades de sa\u00fade 24h, pontos de atendimento ao p\u00fablico, parques, pra\u00e7as, entre outros. A inten\u00e7\u00e3o \u00e9 ampliar ainda mais esse servi\u00e7o e proporcionar um acesso \u00e0 internet gratuita para toda a popula\u00e7\u00e3o\u201d, explicou o diretor-presidente da Agetec, Paulo Fernando Cardoso.<\/p>\n<p>Para acessar a rede \u00e9 f\u00e1cil, basta realizar uma \u00fanica vez um cadastro (exig\u00eancia da Lei Geral de Prote\u00e7\u00e3o de Dados), depois escolher no aparelho de celular a rede \u201cConecta Campo Grande\u201d, digitar o CPF e senha cadastrados, que logo come\u00e7a a navegar. Ap\u00f3s o cadastro, o usu\u00e1rio consegue acessar a rede e pode usufruir do benef\u00edcio, utilizando sempre que necessitar de internet.<\/p>\n<p>\u201cEsses pontos de internet gratuito ajuda e muito o cidad\u00e3o, principalmente para aquele que n\u00e3o tem um plano de dados e fica sem acesso quando est\u00e1 fora de casa. Hoje em dia precisamos da internet para quase tudo, a pr\u00f3pria popula\u00e7\u00e3o que busca atendimento em uma unidade b\u00e1sica de sa\u00fade, precisa de internet para se comunicar, solicitar um carro de aplicativo, pesquisar alguma informa\u00e7\u00e3o, o que a prefeitura proporciona sem custo nenhum esse servi\u00e7o\u201d, finalizou Paulo.<\/p>\n<p>Passo a passo de como se conectar:<\/p>\n<p><img fetchpriority=\"high\" decoding=\"async\" class=\"alignnone wp-image-108649 size-full\" src=\"https:\/\/prefcg-repositorio.campogrande.ms.gov.br\/wp-cdn\/uploads\/sites\/3\/2023\/10\/passo-a-passo.png\" alt=\"\" width=\"1105\" height=\"375\" srcset=\"https:\/\/cdn.campogrande.ms.gov.br\/portal\/prod\/uploads\/sites\/3\/2023\/10\/passo-a-passo.png 1105w, https:\/\/cdn.campogrande.ms.gov.br\/portal\/prod\/uploads\/sites\/3\/2023\/10\/passo-a-passo-300x102.png 300w, https:\/\/cdn.campogrande.ms.gov.br\/portal\/prod\/uploads\/sites\/3\/2023\/10\/passo-a-passo-1024x348.png 1024w, https:\/\/cdn.campogrande.ms.gov.br\/portal\/prod\/uploads\/sites\/3\/2023\/10\/passo-a-passo-768x261.png 768w\" sizes=\"(max-width: 1105px) 100vw, 1105px\" \/><\/p>\n<p><strong>Confira a lista dos pontos de acesso gratuito:<\/strong><\/p>\n<p>1 \u2013 Pra\u00e7a Ari Coelho;<\/p>\n<p>2 \u2013 Orla Ferrovi\u00e1ria;<\/p>\n<p>3 \u2013 Cidade do Natal nos Altos da Avenida Afonso Pena;<\/p>\n<p>4 \u2013 Centro Regional de Sa\u00fade \u2013 CRS Aero Rancho;<\/p>\n<p>5 \u2013 Centro Regional de Sa\u00fade \u2013 CRS Nova Bahia;<\/p>\n<p>6 \u2013 Centro Regional de Sa\u00fade \u2013 CRS Coophavilla;<\/p>\n<p>7 \u2013 Centro Regional de Sa\u00fade \u2013 CRS Tiradentes;<\/p>\n<p>8 \u2013 Unidade de Pronto Atendimento \u2013 UPA Moreninhas;<\/p>\n<p>9 \u2013 Unidade de Pronto Atendimento \u2013 UPA Leblon;<\/p>\n<p>10 \u2013 Unidade de Pronto Atendimento \u2013 UPA Universit\u00e1ria;<\/p>\n<p>11 \u2013 Unidade de Pronto Atendimento \u2013 UPA Vila Almeida;<\/p>\n<p>12 \u2013 Unidade de Pronto Atendimento \u2013 UPA Santa M\u00f4nica;<\/p>\n<p>13 \u2013 Unidade de Pronto Atendimento \u2013 UPA Coronel Antonino;<\/p>\n<p>14 \u2013 Cl\u00ednica da Fam\u00edlia \u2013 Iracy Coelho \u2013 Rua Santa Quit\u00e9ria, 1238 \u2013 Bairro: Iracy Coelho \u2013 79083-350;<\/p>\n<p>15 \u2013 Cl\u00ednica da Fam\u00edlia \u2013 Nova Lima \u2013 Rua Padre Ant\u00f4nio Franco, 550 \u2013 Bairro: Nova Lima \u2013 79017-132;<\/p>\n<p>16 \u2013 Cl\u00ednica da Fam\u00edlia \u2013 Portal Caiob\u00e1 \u2013 Rua Ilha de Maraj\u00f3, 440 \u2013 Portal Caiob\u00e1 \u2013 79096-210;<\/p>\n<p>17 \u2013 UBSF Jardim Noroeste;<\/p>\n<p>18 \u2013 Central de Atendimento ao Cidad\u00e3o \u2013 CAC;<\/p>\n<p>19 \u2013 Procon;<\/p>\n<p>20 \u2013 Funsat;<\/p>\n<p>21 \u2013 Cemte \u2013 Funesp;<\/p>\n<p>22 \u2013 Parque Belmar Fidalgo;<\/p>\n<p>23 \u2013 Parque Airton Sena;<\/p>\n<p>24 \u2013 Parque Vila Nasser;<\/p>\n<p>25 \u2013 Parque Elias Gadia;<\/p>\n<p>26 \u2013 Parque Soter;<\/p>\n<p>27 \u2013 Emha;<\/p>\n<p>28 \u2013 Parque Jacques da Luz;<\/p>\n<p>29 \u2013 Ubsf Agu\u00e3o \u2013 Ubsf Manoel Cordeiro;<\/p>\n<p>30 \u2013 UBS Anhandui;<\/p>\n<p>31 \u2013 IMPCG;<\/p>\n<p>32 \u2013 Rodovi\u00e1ria;<\/p>\n<p>33 \u2013 Pra\u00e7a Coophatrabalho;<\/p>\n<p>34 \u2013 UBSF Tiradentes;<\/p>\n<p>35 \u2013 14 de Julho entre Fernando Correia e 26 de Agosto \u2013 1;<\/p>\n<p>36 \u2013 14 de Julho entre Fernando Correia e 26 de Agosto \u2013 2;<\/p>\n<p>37 \u2013 14 de Julho entre Fernando Correia e 26 de Agosto \u2013 3;<\/p>\n<p>38 \u2013 14 de Julho entre 26 de Agosto e 7 de setembro \u2013 1;<\/p>\n<p>39 \u2013 14 de Julho entre 26 de Agosto e 7 de setembro \u2013 2;<\/p>\n<p>40 \u2013 14 de Julho entre 26 de Agosto e 7 de setembro \u2013 3;<\/p>\n<p>41 \u2013 14 de Julho entre 7 de setembro e 15 de novembro \u2013 1;<\/p>\n<p>42 \u2013 14 de Julho entre 7 de setembro e 15 de novembro \u2013 2;<\/p>\n<p>43 \u2013 14 de Julho entre 7 de setembro e 15 de novembro \u2013 3;<\/p>\n<p>44 \u2013 14 de Julho entre 15 de novembro e Afonso Pena \u2013 1;<\/p>\n<p>45 \u2013 14 de Julho entre 15 de novembro e Afonso Pena \u2013 2;<\/p>\n<p>46 \u2013 14 de Julho entre 15 de novembro e Afonso Pena \u2013 3;<\/p>\n<p>47 \u2013 14 de Julho entre Afonso Pena e Bar\u00e3o do Rio Branco \u2013 1;<\/p>\n<p>48 \u2013 14 de Julho entre Afonso Pena e Bar\u00e3o do Rio Branco \u2013 2;<\/p>\n<p>49 \u2013 14 de Julho entre Afonso Pena e Bar\u00e3o do Rio Branco \u2013 3;<\/p>\n<p>50 \u2013 14 de Julho entre Bar\u00e3o do Rio Branco e Dom Aquino \u2013 1;<\/p>\n<p>51 \u2013 14 de Julho entre Bar\u00e3o do Rio Branco e Dom Aquino \u2013 2;<\/p>\n<p>52 \u2013 14 de Julho entre Bar\u00e3o do Rio Branco e Dom Aquino \u2013 3;<\/p>\n<p>53 \u2013 14 de Julho entre Dom Aquino e Av. Mar. Rondon \u2013 1;<\/p>\n<p>54 \u2013 14 de Julho entre Dom Aquino e Av. Mar. Rondon \u2013 2;<\/p>\n<p>55 \u2013 14 de Julho entre Dom Aquino e Av. Mar. Rondon \u2013 3;<\/p>\n<p>56 \u2013 14 de Julho entre Av. Mar. Rondon e Maracaju \u2013 1;<\/p>\n<p>57 \u2013 14 de Julho entre Av. Mar. Rondon e Maracaju \u2013 2;<\/p>\n<p>58 \u2013 14 de Julho entre Av. Mar. Rondon e Maracaju \u2013 3;<\/p>\n<p>59 \u2013 14 de Julho entre Maracaju e Antonio Maria Coelho \u2013 1;<\/p>\n<p>60 \u2013 14 de Julho entre Maracaju e Antonio Maria Coelho \u2013 2;<\/p>\n<p>61 \u2013 14 de Julho entre Maracaju e Antonio Maria Coelho \u2013 3;<\/p>\n<p>62 \u2013 14 de Julho entre Antonio Maria Coelho e Mato Grosso \u2013 1;<\/p>\n<p>63 \u2013 14 de Julho entre Antonio Maria Coelho e Mato Grosso \u2013 2;<\/p>\n<p>64 \u2013 14 de Julho entre Antonio Maria Coelho e Mato Grosso \u2013 3;<\/p>\n<p>65 \u2013 Agetec;<\/p>\n<p>66 \u2013 Pra\u00e7a de Esporte Coruja (Lajeado);<\/p>\n<p>67 \u2013 Plenarinho (Pa\u00e7o Municipal);<\/p>\n<p>68 \u2013 Pra\u00e7a Moreninhas \u201cESPETINHO\u201d (Disvaldo de Souza Bezerra);<\/p>\n<p>69 \u2013 SubPrefeitura de Anhandu\u00ed;<\/p>\n<p>70 \u2013 Gin\u00e1sio Guanandiz\u00e3o;<\/p>\n<p>71 \u2013 Pra\u00e7a Comendador Oshiro Takemori (Feira Ind\u00edgena);<\/p>\n<p>72 \u2013 Pra\u00e7a Coophasul;<\/p>\n<p>73 \u2013 ParktecCG;<\/p>\n<p>74 \u2013 Secretaria Municipal da Juventude de Campo Grande \u2013 MS.<\/p>\n<p>&nbsp;<\/p>\n<p>&nbsp;<\/p>\n","protected":false},"author":310,"featured_media":108658,"template":"","meta":{"custom_icon_class":"","footnotes":""},"categories":[26],"tags":[],"class_list":["post-108647","sec-noticias","type-sec-noticias","status-publish","has-post-thumbnail","hentry","category-tecnologia"],"acf":[],"_links":{"self":[{"href":"https:\/\/www.campogrande.ms.gov.br\/cgnoticias\/wp-json\/wp\/v2\/sec-noticias\/108647"}],"collection":[{"href":"https:\/\/www.campogrande.ms.gov.br\/cgnoticias\/wp-json\/wp\/v2\/sec-noticias"}],"about":[{"href":"https:\/\/www.campogrande.ms.gov.br\/cgnoticias\/wp-json\/wp\/v2\/types\/sec-noticias"}],"author":[{"embeddable":true,"href":"https:\/\/www.campogrande.ms.gov.br\/cgnoticias\/wp-json\/wp\/v2\/users\/310"}],"version-history":[{"count":2,"href":"https:\/\/www.campogrande.ms.gov.br\/cgnoticias\/wp-json\/wp\/v2\/sec-noticias\/108647\/revisions"}],"predecessor-version":[{"id":108659,"href":"https:\/\/www.campogrande.ms.gov.br\/cgnoticias\/wp-json\/wp\/v2\/sec-noticias\/108647\/revisions\/108659"}],"wp:featuredmedia":[{"embeddable":true,"href":"https:\/\/www.campogrande.ms.gov.br\/cgnoticias\/wp-json\/wp\/v2\/media\/108658"}],"wp:attachment":[{"href":"https:\/\/www.campogrande.ms.gov.br\/cgnoticias\/wp-json\/wp\/v2\/media?parent=108647"}],"wp:term":[{"taxonomy":"category","embeddable":true,"href":"https:\/\/www.campogrande.ms.gov.br\/cgnoticias\/wp-json\/wp\/v2\/categories?post=108647"},{"taxonomy":"post_tag","embeddable":true,"href":"https:\/\/www.campogrande.ms.gov.br\/cgnoticias\/wp-json\/wp\/v2\/tags?post=108647"}],"curies":[{"name":"wp","href":"https:\/\/api.w.org\/{rel}","templated":true}]}}