{"id":107777,"date":"2023-10-17T15:00:56","date_gmt":"2023-10-17T19:00:56","guid":{"rendered":"https:\/\/www.campogrande.ms.gov.br\/cgnoticias\/?post_type=sec-noticias&#038;p=107777"},"modified":"2023-10-17T16:12:46","modified_gmt":"2023-10-17T20:12:46","slug":"inauguracao-da-horta-no-cras-vida-nova-marca-dia-internacional-para-a-erradicacao-da-pobreza","status":"publish","type":"sec-noticias","link":"https:\/\/www.campogrande.ms.gov.br\/cgnoticias\/noticia\/inauguracao-da-horta-no-cras-vida-nova-marca-dia-internacional-para-a-erradicacao-da-pobreza\/","title":{"rendered":"Inaugura\u00e7\u00e3o da horta no Cras Vida Nova marca Dia Internacional para a Erradica\u00e7\u00e3o da Pobreza"},"content":{"rendered":"<p>N\u00e3o teria data mais emblem\u00e1tica para inaugurar uma horta social do que o Dia Internacional para a Erradica\u00e7\u00e3o da Pobreza. Criado em 17 de outubro de 1987, a data representa uma oportunidade para reconhecer a necessidade de acabar com a pobreza em todas as suas formas, em todos os lugares.<\/p>\n<p>A erradica\u00e7\u00e3o da pobreza segue sendo um dos principais desafios enfrentados pela humanidade, e por isso \u00e9 o primeiro dos objetivos da Organiza\u00e7\u00e3o das Na\u00e7\u00f5es Unidas \u2013 ONU para 2030.<\/p>\n<p>\u201cA nossa gest\u00e3o \u00e9 comprometida com a erradica\u00e7\u00e3o da pobreza e tem trabalhado duro no combate deste problema que assola o mundo inteiro. Dentre as iniciativas que temos est\u00e1 o projeto Hortas Urbanas, desenvolvido pela Sidagro, que possibilita que as pessoas plantem seus pr\u00f3prios alimentos ou se beneficiem de hortas sociais, garantindo assim uma alimenta\u00e7\u00e3o mais diversificada e saud\u00e1vel\u201d, explica a prefeita Adriane Lopes.<\/p>\n<p>A Horta do Cras Vida Nova, inclusive, foi um desafio que a prefeita Adriane Lopes prop\u00f4s \u00e0 Secretaria de Inova\u00e7\u00e3o, Desenvolvimento Econ\u00f4mico e Agroneg\u00f3cio durante o Ehma em A\u00e7\u00e3o \u2013 Regi\u00e3o Urbana do Segredo \u2013 no dia 31 de agosto \u2013 evento que integrou o Calend\u00e1rio de festividades de 124 anos de Campo Grande \u2013 para integrar o servi\u00e7o de conviv\u00eancia do Centro de Refer\u00eancia.<\/p>\n<p>Desde ent\u00e3o, os servidores da Superintend\u00eancia do Fomento ao Agroneg\u00f3cio, onde est\u00e1 inserido o projeto Hortas Urbanas, come\u00e7aram a trabalhar para tornar a horta realidade. A Secretaria Municipal de Inova\u00e7\u00e3o, Desenvolvimento Econ\u00f4mico e Agroneg\u00f3cio (Sidagro) apoia em toda Campo Grande 209 hortas urbanas com mudas e adubos, sendo 167 com fins lucrativos e 42 sociais.<\/p>\n<p>\u201cAs hortas com fins lucrativos recebem um primeiro apoio, com bandejas de mudas e adubos e depois seguem sozinhas. J\u00e1 as hortas sociais recebem apoio constante da Sidagro, como \u00e9 o caso das hortas em parcerias com a Secretaria de Assist\u00eancia Social. De janeiro at\u00e9 setembro deste ano, entregamos mais de 20 mil mudas em 6 Cras e nas Uaifas I e II\u201d, enumera o secret\u00e1rio municipal de Inova\u00e7\u00e3o, Desenvolvimento Econ\u00f4mico e Agroneg\u00f3cio, Adelaido Vila.<\/p>\n<p>J\u00e1 se somarmos todas as doa\u00e7\u00f5es feitas a projetos de hortas urbanas sociais os n\u00fameros sobem para 73.400 mudinhas e 10 toneladas de composto org\u00e2nico. Este composto \u00e9 oriundo de outra parceria, com os restaurantes SESC Sabor e Arte, que transformam todo o resto de alimentos em adubo de primeir\u00edssima qualidade.<\/p>\n<p>Nelci Guimar\u00e3es Soares, que \u00e9 usu\u00e1ria dos servi\u00e7os de conviv\u00eancia, diz que a horta \u00e9 mais uma op\u00e7\u00e3o para ela e para a fam\u00edlia. \u201cPara mim, para todos n\u00f3s aqui da comunidade essa horta \u00e9 muito \u00fatil. \u00c9 um alimento saud\u00e1vel, plantado aqui na nossa comunidade, e que traz muitos benef\u00edcios para todos.\u00a0 Aqui a gente garante parte do sacol\u00e3o, verduras fresquinhas para p\u00f4r na nossa mesa\u201d, diz Nelci.<\/p>\n<p><img fetchpriority=\"high\" decoding=\"async\" class=\" wp-image-107778 aligncenter\" src=\"https:\/\/prefcg-repositorio.campogrande.ms.gov.br\/wp-cdn\/uploads\/sites\/3\/2023\/10\/WhatsApp-Image-2023-10-17-at-10.57.55-1-300x210.jpeg\" alt=\"\" width=\"939\" height=\"657\" srcset=\"https:\/\/cdn.campogrande.ms.gov.br\/portal\/prod\/uploads\/sites\/3\/2023\/10\/WhatsApp-Image-2023-10-17-at-10.57.55-1-300x210.jpeg 300w, https:\/\/cdn.campogrande.ms.gov.br\/portal\/prod\/uploads\/sites\/3\/2023\/10\/WhatsApp-Image-2023-10-17-at-10.57.55-1-1024x718.jpeg 1024w\" sizes=\"(max-width: 939px) 100vw, 939px\" \/><\/p>\n<p>Com este mesmo compromisso, a Prefeitura de Campo Grande, em parceria com o Governo Federal, tem atuado para acabar com a pobreza e a fome e garantir o acesso de todas as pessoas, em particular as que vivem em situa\u00e7\u00e3o de vulnerabilidade, a alimentos seguros, nutritivos e suficientes durante todo o ano.<\/p>\n<p>Somente em 2023, a Sidagro j\u00e1 garantiu a compra de 206.490 toneladas de alimentos, por meio do programa de aquisi\u00e7\u00e3o de alimentos, do governo federal (PAA). S\u00e3o frutas, verduras e legumes comprados da agricultura familiar entregues para mais de 21 mil fam\u00edlias que vivem em situa\u00e7\u00e3o de inseguran\u00e7a alimentar.<\/p>\n<p>Os alimentos s\u00e3o entregues por meio da SAS nas mais de 40 unidades que atendem 8,4 mil fam\u00edlias e 55 unidades conveniadas que atendem 12,9 mil fam\u00edlias, totalizando 95 unidades impactadas.<\/p>\n","protected":false},"author":464,"featured_media":107780,"template":"","meta":{"custom_icon_class":"","footnotes":""},"categories":[91,129],"tags":[],"class_list":["post-107777","sec-noticias","type-sec-noticias","status-publish","has-post-thumbnail","hentry","category-desenvolvimento-sustentavel","category-seguranca-alimentar"],"acf":[],"_links":{"self":[{"href":"https:\/\/www.campogrande.ms.gov.br\/cgnoticias\/wp-json\/wp\/v2\/sec-noticias\/107777"}],"collection":[{"href":"https:\/\/www.campogrande.ms.gov.br\/cgnoticias\/wp-json\/wp\/v2\/sec-noticias"}],"about":[{"href":"https:\/\/www.campogrande.ms.gov.br\/cgnoticias\/wp-json\/wp\/v2\/types\/sec-noticias"}],"author":[{"embeddable":true,"href":"https:\/\/www.campogrande.ms.gov.br\/cgnoticias\/wp-json\/wp\/v2\/users\/464"}],"version-history":[{"count":3,"href":"https:\/\/www.campogrande.ms.gov.br\/cgnoticias\/wp-json\/wp\/v2\/sec-noticias\/107777\/revisions"}],"predecessor-version":[{"id":107787,"href":"https:\/\/www.campogrande.ms.gov.br\/cgnoticias\/wp-json\/wp\/v2\/sec-noticias\/107777\/revisions\/107787"}],"wp:featuredmedia":[{"embeddable":true,"href":"https:\/\/www.campogrande.ms.gov.br\/cgnoticias\/wp-json\/wp\/v2\/media\/107780"}],"wp:attachment":[{"href":"https:\/\/www.campogrande.ms.gov.br\/cgnoticias\/wp-json\/wp\/v2\/media?parent=107777"}],"wp:term":[{"taxonomy":"category","embeddable":true,"href":"https:\/\/www.campogrande.ms.gov.br\/cgnoticias\/wp-json\/wp\/v2\/categories?post=107777"},{"taxonomy":"post_tag","embeddable":true,"href":"https:\/\/www.campogrande.ms.gov.br\/cgnoticias\/wp-json\/wp\/v2\/tags?post=107777"}],"curies":[{"name":"wp","href":"https:\/\/api.w.org\/{rel}","templated":true}]}}