{"id":104657,"date":"2023-09-06T08:30:03","date_gmt":"2023-09-06T12:30:03","guid":{"rendered":"https:\/\/www.campogrande.ms.gov.br\/cgnoticias\/?post_type=sec-noticias&#038;p=104657"},"modified":"2023-09-06T11:08:20","modified_gmt":"2023-09-06T15:08:20","slug":"em-cerimonia-na-esplanada-ferroviaria-mais-de-400-alunos-recebem-certificados-dos-cursos-de-qualificacao-da-funsat","status":"publish","type":"sec-noticias","link":"https:\/\/www.campogrande.ms.gov.br\/cgnoticias\/noticia\/em-cerimonia-na-esplanada-ferroviaria-mais-de-400-alunos-recebem-certificados-dos-cursos-de-qualificacao-da-funsat\/","title":{"rendered":"Em cerim\u00f4nia na Esplanada Ferrovi\u00e1ria, mais de 400 alunos recebem certificados dos cursos de qualifica\u00e7\u00e3o da Funsat"},"content":{"rendered":"<p>A Prefeitura de Campo Grande, por meio da Funda\u00e7\u00e3o Social do Trabalho (Funsat), entregou nesta ter\u00e7a-feira (5), certificados para 403 alunos que conclu\u00edram cursos de qualifica\u00e7\u00e3o profissional realizados entre os meses de junho e agosto de 2023 pela Escola de Educa\u00e7\u00e3o Profissional da Funda\u00e7\u00e3o. A entrega dos diplomas foi realizada na Esplanada Ferrovi\u00e1ria e reuniu, al\u00e9m do p\u00fablico em geral capacitado pela escola, centenas de benefici\u00e1rios do Programa de Inclus\u00e3o ao Mercado de Trabalho (Primt).<\/p>\n<p>\u201cAinda em comemora\u00e7\u00e3o aos 124 anos da nossa cidade, estamos entregando mais de 400 certificados dos nossos cursos de qualifica\u00e7\u00e3o profissional, como tamb\u00e9m os certificados para os benefici\u00e1rios do Primt, que atuam na administra\u00e7\u00e3o municipal. Quero convidar todos que precisam melhorar o curr\u00edculo, que procurem a Escola da Funsat para fazer um curso e ter mais chance na hora de concorrer a uma oportunidade no mercado de trabalho. Todos os nossos cursos s\u00e3o gratuitos e os interessados podem se inscrever por meio dos nossos canais de comunica\u00e7\u00e3o\u201d, disse a diretora da Escola de Educa\u00e7\u00e3o Profissional da Funsat, Adriana Assis.<\/p>\n<p><img fetchpriority=\"high\" decoding=\"async\" class=\"alignnone wp-image-104664 size-full\" src=\"https:\/\/prefcg-repositorio.campogrande.ms.gov.br\/wp-cdn\/uploads\/sites\/3\/2023\/09\/Adriana-Assis.jpeg\" alt=\"\" width=\"1600\" height=\"1066\" srcset=\"https:\/\/cdn.campogrande.ms.gov.br\/portal\/prod\/uploads\/sites\/3\/2023\/09\/Adriana-Assis.jpeg 1600w, https:\/\/cdn.campogrande.ms.gov.br\/portal\/prod\/uploads\/sites\/3\/2023\/09\/Adriana-Assis-300x200.jpeg 300w, https:\/\/cdn.campogrande.ms.gov.br\/portal\/prod\/uploads\/sites\/3\/2023\/09\/Adriana-Assis-1024x682.jpeg 1024w, https:\/\/cdn.campogrande.ms.gov.br\/portal\/prod\/uploads\/sites\/3\/2023\/09\/Adriana-Assis-768x512.jpeg 768w, https:\/\/cdn.campogrande.ms.gov.br\/portal\/prod\/uploads\/sites\/3\/2023\/09\/Adriana-Assis-1536x1023.jpeg 1536w\" sizes=\"(max-width: 1600px) 100vw, 1600px\" \/><\/p>\n<p>Segundo o diretor-presidente da Funsat, Paulo da Silva, a oferta de cursos gratuitos que promovem melhores condi\u00e7\u00f5es de atua\u00e7\u00e3o no mercado de trabalho da Capital, mostra o quanto a Prefeitura de Campo Grande est\u00e1 engajada na quest\u00e3o do emprego e renda, possibilitando que milhares de trabalhadores conquistem mais dignidade e tenham capacidade de sustentar suas fam\u00edlias. \u201c\u00c9 uma alegria poder dividir com voc\u00eas esse momento t\u00e3o importante, de amplia\u00e7\u00e3o de possibilidades a candidatos que buscam uma vaga no mercado de trabalho. A Funsat tem sido uma escola, n\u00e3o s\u00f3 para os mais de 400 alunos que est\u00e3o aqui hoje, mas tem sido uma escola para mim, como ser humano e profissional. Parab\u00e9ns a todos\u201d, acrescentou.<\/p>\n<p>Eric Matias Louren\u00e7o Nogueira, de 24 anos, \u00e9 benefici\u00e1rio do Primt e conta que recorreu \u00e0 Funda\u00e7\u00e3o do Trabalho para garantir uma oportunidade de se capacitar. \u201cProcurei a Funsat e fui muito bem atendido. Fiz o curso de manipula\u00e7\u00e3o de alimentos pela Funda\u00e7\u00e3o e um outro de inform\u00e1tica pela Sejuv (Secretaria Municipal da Juventude). \u00c9 sempre bom estar se especializando e se qualificando. Quero participar de processos seletivos e concursos\u201d, comenta o jovem.<\/p>\n<p><img decoding=\"async\" class=\"alignnone wp-image-104666 size-full\" src=\"https:\/\/prefcg-repositorio.campogrande.ms.gov.br\/wp-cdn\/uploads\/sites\/3\/2023\/09\/Eric-Matias-Lourenco.jpeg\" alt=\"\" width=\"1600\" height=\"1066\" srcset=\"https:\/\/cdn.campogrande.ms.gov.br\/portal\/prod\/uploads\/sites\/3\/2023\/09\/Eric-Matias-Lourenco.jpeg 1600w, https:\/\/cdn.campogrande.ms.gov.br\/portal\/prod\/uploads\/sites\/3\/2023\/09\/Eric-Matias-Lourenco-300x200.jpeg 300w, https:\/\/cdn.campogrande.ms.gov.br\/portal\/prod\/uploads\/sites\/3\/2023\/09\/Eric-Matias-Lourenco-1024x682.jpeg 1024w, https:\/\/cdn.campogrande.ms.gov.br\/portal\/prod\/uploads\/sites\/3\/2023\/09\/Eric-Matias-Lourenco-768x512.jpeg 768w, https:\/\/cdn.campogrande.ms.gov.br\/portal\/prod\/uploads\/sites\/3\/2023\/09\/Eric-Matias-Lourenco-1536x1023.jpeg 1536w\" sizes=\"(max-width: 1600px) 100vw, 1600px\" \/><\/p>\n<p>Tamb\u00e9m benefici\u00e1ria do Primt, Cristiane Pereira da Rosa, de 47 anos, afirma que a recoloca\u00e7\u00e3o no mercado de trabalho, sobretudo com as capacita\u00e7\u00f5es, foram essenciais para que ela se recuperasse de um quadro depressivo. \u201c\u00c9 uma experi\u00eancia maravilhosa, principalmente os cursos da Funsat, que s\u00e3o muito bons. Recuperei minha seguran\u00e7a e autoestima e agora, posso seguir mais tranquila para entrevistas de emprego\u201d, destaca Cristiane, que participou dos cursos de t\u00e9cnicas de vendas e atendimento ao cliente, ambos promovidos pela Escola de Educa\u00e7\u00e3o Profissional da Funda\u00e7\u00e3o do Trabalho.<\/p>\n<p><img decoding=\"async\" class=\"alignnone wp-image-104665 size-full\" src=\"https:\/\/prefcg-repositorio.campogrande.ms.gov.br\/wp-cdn\/uploads\/sites\/3\/2023\/09\/Cristiane-Pereira-da-Rosa.jpeg\" alt=\"\" width=\"1600\" height=\"1066\" srcset=\"https:\/\/cdn.campogrande.ms.gov.br\/portal\/prod\/uploads\/sites\/3\/2023\/09\/Cristiane-Pereira-da-Rosa.jpeg 1600w, https:\/\/cdn.campogrande.ms.gov.br\/portal\/prod\/uploads\/sites\/3\/2023\/09\/Cristiane-Pereira-da-Rosa-300x200.jpeg 300w, https:\/\/cdn.campogrande.ms.gov.br\/portal\/prod\/uploads\/sites\/3\/2023\/09\/Cristiane-Pereira-da-Rosa-1024x682.jpeg 1024w, https:\/\/cdn.campogrande.ms.gov.br\/portal\/prod\/uploads\/sites\/3\/2023\/09\/Cristiane-Pereira-da-Rosa-768x512.jpeg 768w, https:\/\/cdn.campogrande.ms.gov.br\/portal\/prod\/uploads\/sites\/3\/2023\/09\/Cristiane-Pereira-da-Rosa-1536x1023.jpeg 1536w\" sizes=\"(max-width: 1600px) 100vw, 1600px\" \/><\/p>\n<p>Ao todo, a Escola possui em seu cat\u00e1logo atual 38 cursos, todos com direito \u00e0 certifica\u00e7\u00e3o, dentre os quais se destacam: Auxiliar Administrativo, Higiene na Manipula\u00e7\u00e3o de Alimentos, T\u00e9cnicas de Vendas e Atendimento ao Cliente, Empreendedorismo e Finan\u00e7as para Pequenos Neg\u00f3cios, Inform\u00e1tica B\u00e1sica, Introdu\u00e7\u00e3o ao Marketing Digital, Cuidador de Idosos e Gar\u00e7om.<\/p>\n<p>Al\u00e9m destes, a Escola tamb\u00e9m oferta, em parceria com a Coordenadoria de Servi\u00e7o Social da Funsat, forma\u00e7\u00e3o inicial e continuada aos benefici\u00e1rios do Primt.<\/p>\n","protected":false},"author":310,"featured_media":104663,"template":"","meta":{"custom_icon_class":"","footnotes":""},"categories":[50,56,16],"tags":[],"class_list":["post-104657","sec-noticias","type-sec-noticias","status-publish","has-post-thumbnail","hentry","category-capacitacao","category-emprego","category-trabalho"],"acf":[],"_links":{"self":[{"href":"https:\/\/www.campogrande.ms.gov.br\/cgnoticias\/wp-json\/wp\/v2\/sec-noticias\/104657"}],"collection":[{"href":"https:\/\/www.campogrande.ms.gov.br\/cgnoticias\/wp-json\/wp\/v2\/sec-noticias"}],"about":[{"href":"https:\/\/www.campogrande.ms.gov.br\/cgnoticias\/wp-json\/wp\/v2\/types\/sec-noticias"}],"author":[{"embeddable":true,"href":"https:\/\/www.campogrande.ms.gov.br\/cgnoticias\/wp-json\/wp\/v2\/users\/310"}],"version-history":[{"count":3,"href":"https:\/\/www.campogrande.ms.gov.br\/cgnoticias\/wp-json\/wp\/v2\/sec-noticias\/104657\/revisions"}],"predecessor-version":[{"id":104676,"href":"https:\/\/www.campogrande.ms.gov.br\/cgnoticias\/wp-json\/wp\/v2\/sec-noticias\/104657\/revisions\/104676"}],"wp:featuredmedia":[{"embeddable":true,"href":"https:\/\/www.campogrande.ms.gov.br\/cgnoticias\/wp-json\/wp\/v2\/media\/104663"}],"wp:attachment":[{"href":"https:\/\/www.campogrande.ms.gov.br\/cgnoticias\/wp-json\/wp\/v2\/media?parent=104657"}],"wp:term":[{"taxonomy":"category","embeddable":true,"href":"https:\/\/www.campogrande.ms.gov.br\/cgnoticias\/wp-json\/wp\/v2\/categories?post=104657"},{"taxonomy":"post_tag","embeddable":true,"href":"https:\/\/www.campogrande.ms.gov.br\/cgnoticias\/wp-json\/wp\/v2\/tags?post=104657"}],"curies":[{"name":"wp","href":"https:\/\/api.w.org\/{rel}","templated":true}]}}