{"id":104005,"date":"2023-08-31T13:33:42","date_gmt":"2023-08-31T17:33:42","guid":{"rendered":"https:\/\/www.campogrande.ms.gov.br\/cgnoticias\/?post_type=sec-noticias&#038;p=104005"},"modified":"2023-08-31T13:33:42","modified_gmt":"2023-08-31T17:33:42","slug":"sdhu-realiza-4o-sarau-delas-e-1a-edicao-do-premio-marcia-zen","status":"publish","type":"sec-noticias","link":"https:\/\/www.campogrande.ms.gov.br\/cgnoticias\/noticia\/sdhu-realiza-4o-sarau-delas-e-1a-edicao-do-premio-marcia-zen\/","title":{"rendered":"SDHU realiza 4\u00ba Sarau Delas e 1\u00aa edi\u00e7\u00e3o do &#8220;Pr\u00eamio Marcia Zen&#8221;"},"content":{"rendered":"<p>A Subsecretaria de Defesa dos Direitos Humanos (SDHU), por meio da Coordenadoria Municipal de Pol\u00edticas LGBT, realizou nessa quarta-feira (31) a 4\u00aa edi\u00e7\u00e3o do Sarau Delas e o 1\u00ba Ato de Homenagem Marcia Zen, evento alusivo ao Dia Nacional da Visibilidade L\u00e9sbica, celebrado no dia 29 de agosto, definido no 1\u00ba Semin\u00e1rio Nacional de L\u00e9sbicas (Senale), ocorrido em 1.996. O evento foi criado com o objetivo de propor espa\u00e7os de discuss\u00e3o e reflex\u00e3o sobre os estigmas, preconceitos e a lesbofobia.<\/p>\n<p>\u201cEsse \u00e9 um dia simb\u00f3lico, pois, embora fa\u00e7amos de uma maneira festiva, durante todo o ano vivemos a lament\u00e1vel situa\u00e7\u00e3o da LGBTfobia. As mulheres l\u00e9sbicas no Brasil, assim como toda a popula\u00e7\u00e3o LGBT, sofre bastante com a viol\u00eancia e com a exclus\u00e3o social. Ent\u00e3o, celebrar determinadas datas, \u00e9 justamente uma maneira de dizer que a gente resiste, que nossos corpos existem e merecem respeito\u201d, salientou Cris Stefanny, Coordenadora Municipal de Pol\u00edticas LGBT.<\/p>\n<p>Representando a prefeita Adriane Lopes, a subsecret\u00e1ria de Defesa dos Direitos Humanos, Thais Helena, ressaltou a import\u00e2ncia da data na promo\u00e7\u00e3o de pol\u00edticas de inclus\u00e3o.\u00a0\u201cN\u00f3s estamos na 4\u00aa edi\u00e7\u00e3o do Sarau Delas, um ato de coragem, para celebrar mulheres incr\u00edveis que resistem e seguem lutando para tirar o Mato Grosso do Sul das tristes estat\u00edsticas de viol\u00eancia contra pessoas LGBTQIA+ e oferecem contribui\u00e7\u00e3o extremamente relevante para a constru\u00e7\u00e3o de uma sociedade mais justa e inclusiva\u201d.<\/p>\n<p><img fetchpriority=\"high\" decoding=\"async\" class=\" wp-image-104015 aligncenter\" src=\"https:\/\/prefcg-repositorio.campogrande.ms.gov.br\/wp-cdn\/uploads\/sites\/3\/2023\/08\/WhatsApp-Image-2023-08-30-at-21.30.23-300x245.jpeg\" alt=\"\" width=\"927\" height=\"757\" srcset=\"https:\/\/cdn.campogrande.ms.gov.br\/portal\/prod\/uploads\/sites\/3\/2023\/08\/WhatsApp-Image-2023-08-30-at-21.30.23-300x245.jpeg 300w, https:\/\/cdn.campogrande.ms.gov.br\/portal\/prod\/uploads\/sites\/3\/2023\/08\/WhatsApp-Image-2023-08-30-at-21.30.23-1024x837.jpeg 1024w, https:\/\/cdn.campogrande.ms.gov.br\/portal\/prod\/uploads\/sites\/3\/2023\/08\/WhatsApp-Image-2023-08-30-at-21.30.23-768x628.jpeg 768w, https:\/\/cdn.campogrande.ms.gov.br\/portal\/prod\/uploads\/sites\/3\/2023\/08\/WhatsApp-Image-2023-08-30-at-21.30.23-1536x1256.jpeg 1536w, https:\/\/cdn.campogrande.ms.gov.br\/portal\/prod\/uploads\/sites\/3\/2023\/08\/WhatsApp-Image-2023-08-30-at-21.30.23.jpeg 1600w\" sizes=\"(max-width: 927px) 100vw, 927px\" \/><\/p>\n<p>Artistas ativistas e militantes do movimento l\u00e9sbico subiram ao palco, entre as atra\u00e7\u00f5es estiveram Georgia o anjo azul, Bia Blanc, Ana Cabral, Gabi Barros, Beca Rodrigues e Manuzera, que cantou \u201clugar de mulher \u00e9 onde ela quiser\u201d e falou da import\u00e2ncia do posicionamento das artistas em prol da causa.<\/p>\n<p>\u201cN\u00f3s precisamos ter esse pensamento, principalmente em Campo Grande, que tem um cen\u00e1rio musical predominantemente masculino, precisamos ocupar espa\u00e7os e, fazendo uso desses espa\u00e7os, para falar sobre esse tema t\u00e3o importante que \u00e9 a diversidade e o respeito ao outro. A\u00e7\u00f5es como esta promovida pela prefeitura s\u00e3o fundamentais para que possamos discutir medidas que oportunizem a visibilidade e a inser\u00e7\u00e3o na sociedade do p\u00fablico LGBT de maneira geral\u201d, destacou a cantora Manuzera.<\/p>\n<p><img decoding=\"async\" class=\" wp-image-104016 aligncenter\" src=\"https:\/\/prefcg-repositorio.campogrande.ms.gov.br\/wp-cdn\/uploads\/sites\/3\/2023\/08\/MANUZERA-300x200.jpeg\" alt=\"\" width=\"911\" height=\"607\" srcset=\"https:\/\/cdn.campogrande.ms.gov.br\/portal\/prod\/uploads\/sites\/3\/2023\/08\/MANUZERA-300x200.jpeg 300w, https:\/\/cdn.campogrande.ms.gov.br\/portal\/prod\/uploads\/sites\/3\/2023\/08\/MANUZERA-768x513.jpeg 768w, https:\/\/cdn.campogrande.ms.gov.br\/portal\/prod\/uploads\/sites\/3\/2023\/08\/MANUZERA.jpeg 1504w\" sizes=\"(max-width: 911px) 100vw, 911px\" \/><\/p>\n<p>O 1\u00ba Pr\u00eamio Marcia Zen foi criado para homenagear mulheres l\u00e9sbicas que historicamente contribuem com as pautas de Direitos Humanos, Sa\u00fade, Educa\u00e7\u00e3o, por meio de servi\u00e7os prestados \u00e0 sociedade como um todo.<\/p>\n<p>\u201cForam 27 anos desde o Senale para hoje estarmos aqui, participando da primeira edi\u00e7\u00e3o da homenagem que leva o nome de Marcia Zen, um \u00edcone na luta pela visibilidade das mulheres l\u00e9sbicas em Campo Grande. A luta \u00e9 \u00e1rdua, as coisas acontecem mais lentamente do que gostar\u00edamos e necessitamos, mas seguiremos na luta pela constru\u00e7\u00e3o de uma sociedade melhor para todos e todas n\u00f3s\u201d, ressaltou uma das homenageadas da noite, a servidora p\u00fablica estadual, Tet\u00ea Costa (48).<\/p>\n<p><img decoding=\"async\" class=\" wp-image-104019 aligncenter\" src=\"https:\/\/prefcg-repositorio.campogrande.ms.gov.br\/wp-cdn\/uploads\/sites\/3\/2023\/08\/TETE-300x228.jpeg\" alt=\"\" width=\"938\" height=\"713\" srcset=\"https:\/\/cdn.campogrande.ms.gov.br\/portal\/prod\/uploads\/sites\/3\/2023\/08\/TETE-300x228.jpeg 300w, https:\/\/cdn.campogrande.ms.gov.br\/portal\/prod\/uploads\/sites\/3\/2023\/08\/TETE-1024x779.jpeg 1024w, https:\/\/cdn.campogrande.ms.gov.br\/portal\/prod\/uploads\/sites\/3\/2023\/08\/TETE-768x584.jpeg 768w, https:\/\/cdn.campogrande.ms.gov.br\/portal\/prod\/uploads\/sites\/3\/2023\/08\/TETE-1536x1168.jpeg 1536w, https:\/\/cdn.campogrande.ms.gov.br\/portal\/prod\/uploads\/sites\/3\/2023\/08\/TETE.jpeg 1600w\" sizes=\"(max-width: 938px) 100vw, 938px\" \/><\/p>\n<p>Confira a lista das homenageadas na primeira edi\u00e7\u00e3o do Pr\u00eamio Marcia Zen:<\/p>\n<p><strong>Neide Eliane Gordo de Oliveira &#8211;<\/strong> Funcion\u00e1ria p\u00fablica aposentada; militante do controle social desde o ano de 1983; militante em defesa do SUS desde 1984; membro do Conselho Municipal de Sa\u00fade e militante associada ao Movimento de Estudo, Sexualidade, Cultura, Liberdade e Ativismo (Mescla).<\/p>\n<p><strong>Ma\u00edra Pacheco Machado &#8211;<\/strong> Carioca de nascimento e sul-mato-grossense de cora\u00e7\u00e3o, mulher l\u00e9sbica, formada em Direito, especialista em Ci\u00eancias Criminais, delegada de Pol\u00edcia Civil h\u00e1 13 anos e atualmente delegada adjunta da 1\u00aaDEAM\/CG-MS; especialista no enfrentamento \u00e0 viol\u00eancia dom\u00e9stica e membro da Comiss\u00e3o de Enfrentamento \u00e0 viol\u00eancia contra a popula\u00e7\u00e3o LGBTQIA+ do Governo Estadual (CELGBT\/MS).<\/p>\n<p><strong>Beca Rodrigues &#8211;<\/strong> Nascida em S\u00e3o Paulo e criada no Rio de Janeiro, tem se destacado profissionalmente no mercado da m\u00fasica em Mato Grosso do Sul. Cantora, compositora, poeta e produtora, tem realizado diversos shows volunt\u00e1rios para os movimentos sociais e comunidade LGBTQIAPN+.<\/p>\n<p><strong>Maria Tereza da Costa (Tet\u00ea Costa) &#8211;<\/strong> Filha \u00fanica de Ant\u00f4nio e Tenica (casal de lavradores); formada em Direito; graduanda em Filosofia; p\u00f3s-graduanda em Direito Administrativo e Gest\u00e3o P\u00fablica; Atua no servi\u00e7o p\u00fablico h\u00e1 27 anos; trabalha na Subsecretaria de Pol\u00edticas P\u00fablicas LGBTQIA+ (SubsLGBTQIA+), exercendo a fun\u00e7\u00e3o de coordenadora de Enfrentamento \u00e0 LGBTfobia.<\/p>\n<p><strong>Ana Cabral &#8211;<\/strong> Natural de Campo Grande\/MS, compositora, cantora, violinista. \u00c9 ocupante da 14\u00aa cadeira de Academia de Letras de Mato Grosso do Sul e tem uma carreira musical intensa por igual que demostra a for\u00e7a da mulher pantaneira.<\/p>\n<p><img loading=\"lazy\" decoding=\"async\" class=\" wp-image-104020 aligncenter\" src=\"https:\/\/prefcg-repositorio.campogrande.ms.gov.br\/wp-cdn\/uploads\/sites\/3\/2023\/08\/FINAL-APOS-A-HOMENAGEM-300x200.jpeg\" alt=\"\" width=\"931\" height=\"620\" srcset=\"https:\/\/cdn.campogrande.ms.gov.br\/portal\/prod\/uploads\/sites\/3\/2023\/08\/FINAL-APOS-A-HOMENAGEM-300x200.jpeg 300w, https:\/\/cdn.campogrande.ms.gov.br\/portal\/prod\/uploads\/sites\/3\/2023\/08\/FINAL-APOS-A-HOMENAGEM.jpeg 1504w\" sizes=\"(max-width: 931px) 100vw, 931px\" \/><\/p>\n<p><strong>Marcia Zen<\/strong><\/p>\n<p>Marcia Gomes de Moraes foi uma ativista com importante trabalho em v\u00e1rias ONGs e na luta pelos direitos das mulheres, ind\u00edgenas, crian\u00e7as e animais. Participou do movimento de AIDS e Direitos Humanos, foi membro dos conselhos municipal e estadual de Sa\u00fade, coordenou o F\u00f3rum dos Usu\u00e1rios do SUS de Mato Grosso do Sul, foi coordenadora da ONG Mescla, do F\u00f3rum Estadual LGBT e do Conselho Estadual da Diversidade Sexual.<\/p>\n<p>Atuou em projetos a n\u00edvel federal pelo Minist\u00e9rio da Sa\u00fade, em projetos estaduais e municipais, al\u00e9m de participar de diversas confer\u00eancias nacionais, estaduais e municipais de Sa\u00fade, Direitos Humanos, Educa\u00e7\u00e3o e LGBT, em a\u00e7\u00f5es de preven\u00e7\u00e3o a profissionais do sexo, LGBTs e redu\u00e7\u00e3o de danos para usu\u00e1rios de drogas.<\/p>\n<p>Em abril de 2021, aos 56 anos, M\u00e1rcia faleceu devido a complica\u00e7\u00f5es de um AVC. Estava em plena atividade na dire\u00e7\u00e3o do Mescla (Movimento de Estudo de Sexualidade, Cultura, Liberdade e Ativismo de Mato Grosso do Sul).<\/p>\n","protected":false},"author":464,"featured_media":104018,"template":"","meta":{"custom_icon_class":"","footnotes":""},"categories":[60],"tags":[],"class_list":["post-104005","sec-noticias","type-sec-noticias","status-publish","has-post-thumbnail","hentry","category-direitos-humanos"],"acf":[],"_links":{"self":[{"href":"https:\/\/www.campogrande.ms.gov.br\/cgnoticias\/wp-json\/wp\/v2\/sec-noticias\/104005"}],"collection":[{"href":"https:\/\/www.campogrande.ms.gov.br\/cgnoticias\/wp-json\/wp\/v2\/sec-noticias"}],"about":[{"href":"https:\/\/www.campogrande.ms.gov.br\/cgnoticias\/wp-json\/wp\/v2\/types\/sec-noticias"}],"author":[{"embeddable":true,"href":"https:\/\/www.campogrande.ms.gov.br\/cgnoticias\/wp-json\/wp\/v2\/users\/464"}],"version-history":[{"count":3,"href":"https:\/\/www.campogrande.ms.gov.br\/cgnoticias\/wp-json\/wp\/v2\/sec-noticias\/104005\/revisions"}],"predecessor-version":[{"id":104026,"href":"https:\/\/www.campogrande.ms.gov.br\/cgnoticias\/wp-json\/wp\/v2\/sec-noticias\/104005\/revisions\/104026"}],"wp:featuredmedia":[{"embeddable":true,"href":"https:\/\/www.campogrande.ms.gov.br\/cgnoticias\/wp-json\/wp\/v2\/media\/104018"}],"wp:attachment":[{"href":"https:\/\/www.campogrande.ms.gov.br\/cgnoticias\/wp-json\/wp\/v2\/media?parent=104005"}],"wp:term":[{"taxonomy":"category","embeddable":true,"href":"https:\/\/www.campogrande.ms.gov.br\/cgnoticias\/wp-json\/wp\/v2\/categories?post=104005"},{"taxonomy":"post_tag","embeddable":true,"href":"https:\/\/www.campogrande.ms.gov.br\/cgnoticias\/wp-json\/wp\/v2\/tags?post=104005"}],"curies":[{"name":"wp","href":"https:\/\/api.w.org\/{rel}","templated":true}]}}