{"id":101182,"date":"2023-08-08T06:00:48","date_gmt":"2023-08-08T10:00:48","guid":{"rendered":"https:\/\/www.campogrande.ms.gov.br\/cgnoticias\/?post_type=sec-noticias&#038;p=101182"},"modified":"2023-08-08T10:02:42","modified_gmt":"2023-08-08T14:02:42","slug":"confira-a-escala-medica-de-plantao-nas-upas-e-crss-nesta-terca-feira-07-08-2023","status":"publish","type":"sec-noticias","link":"https:\/\/www.campogrande.ms.gov.br\/cgnoticias\/noticia\/confira-a-escala-medica-de-plantao-nas-upas-e-crss-nesta-terca-feira-07-08-2023\/","title":{"rendered":"Confira a escala m\u00e9dica de plant\u00e3o nas UPAs e CRSs nesta ter\u00e7a-feira"},"content":{"rendered":"<p>Confira a escala m\u00e9dica de plant\u00e3o nas UPAs e CRSs nesta ter\u00e7a-feira, dia 08 de agosto de 2023.<\/p>\n<p><img fetchpriority=\"high\" decoding=\"async\" class=\"alignnone wp-image-101183\" src=\"https:\/\/prefcg-repositorio.campogrande.ms.gov.br\/wp-cdn\/uploads\/sites\/3\/2023\/08\/08-08-23-Escala-Medica-300x226.png\" alt=\"\" width=\"721\" height=\"543\" srcset=\"https:\/\/cdn.campogrande.ms.gov.br\/portal\/prod\/uploads\/sites\/3\/2023\/08\/08-08-23-Escala-Medica-300x226.png 300w, https:\/\/cdn.campogrande.ms.gov.br\/portal\/prod\/uploads\/sites\/3\/2023\/08\/08-08-23-Escala-Medica-768x578.png 768w, https:\/\/cdn.campogrande.ms.gov.br\/portal\/prod\/uploads\/sites\/3\/2023\/08\/08-08-23-Escala-Medica.png 895w\" sizes=\"(max-width: 721px) 100vw, 721px\" \/><\/p>\n","protected":false},"author":463,"featured_media":0,"template":"","meta":{"custom_icon_class":"","footnotes":""},"categories":[40],"tags":[],"class_list":["post-101182","sec-noticias","type-sec-noticias","status-publish","hentry","category-saude"],"acf":[],"_links":{"self":[{"href":"https:\/\/www.campogrande.ms.gov.br\/cgnoticias\/wp-json\/wp\/v2\/sec-noticias\/101182"}],"collection":[{"href":"https:\/\/www.campogrande.ms.gov.br\/cgnoticias\/wp-json\/wp\/v2\/sec-noticias"}],"about":[{"href":"https:\/\/www.campogrande.ms.gov.br\/cgnoticias\/wp-json\/wp\/v2\/types\/sec-noticias"}],"author":[{"embeddable":true,"href":"https:\/\/www.campogrande.ms.gov.br\/cgnoticias\/wp-json\/wp\/v2\/users\/463"}],"version-history":[{"count":3,"href":"https:\/\/www.campogrande.ms.gov.br\/cgnoticias\/wp-json\/wp\/v2\/sec-noticias\/101182\/revisions"}],"predecessor-version":[{"id":101322,"href":"https:\/\/www.campogrande.ms.gov.br\/cgnoticias\/wp-json\/wp\/v2\/sec-noticias\/101182\/revisions\/101322"}],"wp:attachment":[{"href":"https:\/\/www.campogrande.ms.gov.br\/cgnoticias\/wp-json\/wp\/v2\/media?parent=101182"}],"wp:term":[{"taxonomy":"category","embeddable":true,"href":"https:\/\/www.campogrande.ms.gov.br\/cgnoticias\/wp-json\/wp\/v2\/categories?post=101182"},{"taxonomy":"post_tag","embeddable":true,"href":"https:\/\/www.campogrande.ms.gov.br\/cgnoticias\/wp-json\/wp\/v2\/tags?post=101182"}],"curies":[{"name":"wp","href":"https:\/\/api.w.org\/{rel}","templated":true}]}}