{"id":101163,"date":"2023-08-07T09:00:45","date_gmt":"2023-08-07T13:00:45","guid":{"rendered":"https:\/\/www.campogrande.ms.gov.br\/cgnoticias\/?post_type=sec-noticias&#038;p=101163"},"modified":"2023-08-07T09:54:08","modified_gmt":"2023-08-07T13:54:08","slug":"16o-festival-do-soba-celebra-prato-tipico-de-campo-grande-com-diversas-atracoes-culturais","status":"publish","type":"sec-noticias","link":"https:\/\/www.campogrande.ms.gov.br\/cgnoticias\/noticia\/16o-festival-do-soba-celebra-prato-tipico-de-campo-grande-com-diversas-atracoes-culturais\/","title":{"rendered":"16\u00ba Festival do Sob\u00e1 celebra prato t\u00edpico de Campo Grande com diversas atra\u00e7\u00f5es culturais"},"content":{"rendered":"<p>Dos dias 9 a 13 de agosto a Feira Central abre suas portas para receber o 16\u00ba Festival do Sob\u00e1. O evento que celebra o prato t\u00edpico campo-grandense, faz parte do calend\u00e1rio de festividades do anivers\u00e1rio de 124 anos da Capital e conta com o apoio da Prefeitura Municipal por meio da Secretaria Municipal de Cultura e Turismo (Sectur).<\/p>\n<div>Al\u00e9m do mergulho na hist\u00f3ria e sabor de nosso patrim\u00f4nio cultural, o festival contar\u00e1 com m\u00fasica, arte e dan\u00e7a. A abertura oficial da festa ser\u00e1 na quarta-feira (09), \u00e0s 19h30 e contar\u00e1 com show do Trio Parada Dura, cantando seus grandes sucessos como &#8220;Fusc\u00e3o Preto&#8221;, &#8220;As Andorinhas&#8221;, &#8220;Telefone Mundo&#8221; e novos hits que embalam os antigos e novos f\u00e3s da m\u00fasica sertaneja. No domingo (13), a feira abre suas portas \u00e0s 11h para celebrar o Dia dos Pais com almo\u00e7o especial. .<\/p>\n<p>A festa contar\u00e1 ainda com a presen\u00e7a de autoridades japonesas como o vice-governador de Okinawa, Yoshimi Teruya, e da cantora okinawense Megumi Gushi, al\u00e9m de apresenta\u00e7\u00f5es culturais de povos ind\u00edgenas e col\u00f4nias japonesas, assim como a celebra\u00e7\u00e3o da cultura pantaneira.<\/p>\n<p>Confira a programa\u00e7\u00e3o completa:<\/p><\/div>\n<div><b>\u00a0<\/b><\/div>\n<div><b>9 de agosto (quarta-feira)<\/b><\/div>\n<div><\/div>\n<div>16h &#8211; Abertura da Feira Central<\/div>\n<div>19h &#8211; In\u00edcio da Abertura Oficial<\/div>\n<div>-M\u00fasica com Eros e Lorenzo com Bia Boiadeira, Miti Miyashita e Helder Kohagura, Jo\u00e3o Pedro, Toninho de Coxim e F\u00e1bio Sim\u00f5es<\/div>\n<div>-Cerimonial com a presen\u00e7a de autoridades<\/div>\n<div>-Entrega do registro da marca do Festival do Sob\u00e1 da Feira Central<\/div>\n<div>-Show com Trio Parada Dura<\/div>\n<div><\/div>\n<div>10 de agosto (quinta-feira)<\/div>\n<div><\/div>\n<div>16h &#8211; Abertura da Feira Central<\/div>\n<div>19h &#8211; In\u00edcio da Programa\u00e7\u00e3o<\/div>\n<div>-Dan\u00e7a tradicional de Okinaw<\/div>\n<div>-Taiko &#8211; Kariyushi Eisa Daiko<\/div>\n<div>-Concurso de Cosplay<\/div>\n<div>-Show com a dupla internacional Okinawa Americana<\/div>\n<div>-Show com La\u00e7o de Ouro<\/div>\n<div><\/div>\n<div>11 de agosto (sexta-feira)<\/div>\n<div><\/div>\n<div>16h &#8211; Abertura da Feira Central<\/div>\n<div>19h &#8211; In\u00edcio da Programa\u00e7\u00e3o<\/div>\n<div>-Coral de Vozes de Nova Alvorada do Sul<\/div>\n<div>-Dan\u00e7a com Escola de Dan\u00e7a Harmonia e Grupo de Taiko Raiden Daiko<\/div>\n<div>-Apresenta\u00e7\u00e3o dos campe\u00f5es do 1\u00ba Concurso de Forr\u00f3 da Feira Central<\/div>\n<div>-Apresenta\u00e7\u00e3o do Centro de Tradi\u00e7\u00f5es Ga\u00fachas<\/div>\n<div>-Show com cantor Henrique Brabo<\/div>\n<div><\/div>\n<div>12 de agosto (s\u00e1bado)<\/div>\n<div><\/div>\n<div>11h &#8211; Feira Central aberta para o almo\u00e7o com desfile de kimonos e suas hist\u00f3rias<\/div>\n<div>19h &#8211; In\u00edcio da Programa\u00e7\u00e3o<\/div>\n<div>-Dan\u00e7a com Grupo Sakura da Associa\u00e7\u00e3o Esportiva e Cultural Nipo-brasileira e Grupo D&#8217;soul<\/div>\n<div>-Taiko &#8211; RKMD<\/div>\n<div>-Coral das Meninas Cantoras de Porto Murtinho<\/div>\n<div>-Orquestra de Viol\u00f5es de Porto Murtinho<\/div>\n<div><\/div>\n<div>13 de agosto (domingo)<\/div>\n<div><\/div>\n<div>11h &#8211; Feira Central aberta para atividades comemorativas. Tema: Intergeracionalidade com a Fundesporte<\/div>\n<div>12h &#8211; Almo\u00e7o de Dia dos Pais com Concurso de Karaok\u00ea. Cantora convidada: Mary Okabayashi e competi\u00e7\u00e3o Jack and Jill<\/div>\n<div>19h &#8211; Programa\u00e7\u00e3o de Encerramento<\/div>\n<div>-Grupo de Dan\u00e7a da Terceira Idade (AABB Idosos Saud\u00e1veis)<\/div>\n<div>-Apresenta\u00e7\u00e3o Cultural Paraguaia<\/div>\n<div>-Show com Marlon Maciel e Grupo Trem Pantaneiro<\/div>\n<div><\/div>\n<div>SERVI\u00c7O:<\/div>\n<div>Evento: 16\u00ba Festival do Sob\u00e1<\/div>\n<div>Data: 9 a 13 de agosto<\/div>\n<div>Hor\u00e1rio: 16h (durante a semana) e 11h (aos finais de semana)<\/div>\n<div>Local: Feira Central de Campo Grande (Rua 14 de Julho, 3351, Centro)<\/div>\n<div class=\"yj6qo\"><\/div>\n<div class=\"adL\"><\/div>\n","protected":false},"author":463,"featured_media":101164,"template":"","meta":{"custom_icon_class":"","footnotes":""},"categories":[130,119],"tags":[],"class_list":["post-101163","sec-noticias","type-sec-noticias","status-publish","has-post-thumbnail","hentry","category-124-anos","category-agenda-cultural"],"acf":[],"_links":{"self":[{"href":"https:\/\/www.campogrande.ms.gov.br\/cgnoticias\/wp-json\/wp\/v2\/sec-noticias\/101163"}],"collection":[{"href":"https:\/\/www.campogrande.ms.gov.br\/cgnoticias\/wp-json\/wp\/v2\/sec-noticias"}],"about":[{"href":"https:\/\/www.campogrande.ms.gov.br\/cgnoticias\/wp-json\/wp\/v2\/types\/sec-noticias"}],"author":[{"embeddable":true,"href":"https:\/\/www.campogrande.ms.gov.br\/cgnoticias\/wp-json\/wp\/v2\/users\/463"}],"version-history":[{"count":1,"href":"https:\/\/www.campogrande.ms.gov.br\/cgnoticias\/wp-json\/wp\/v2\/sec-noticias\/101163\/revisions"}],"predecessor-version":[{"id":101181,"href":"https:\/\/www.campogrande.ms.gov.br\/cgnoticias\/wp-json\/wp\/v2\/sec-noticias\/101163\/revisions\/101181"}],"wp:featuredmedia":[{"embeddable":true,"href":"https:\/\/www.campogrande.ms.gov.br\/cgnoticias\/wp-json\/wp\/v2\/media\/101164"}],"wp:attachment":[{"href":"https:\/\/www.campogrande.ms.gov.br\/cgnoticias\/wp-json\/wp\/v2\/media?parent=101163"}],"wp:term":[{"taxonomy":"category","embeddable":true,"href":"https:\/\/www.campogrande.ms.gov.br\/cgnoticias\/wp-json\/wp\/v2\/categories?post=101163"},{"taxonomy":"post_tag","embeddable":true,"href":"https:\/\/www.campogrande.ms.gov.br\/cgnoticias\/wp-json\/wp\/v2\/tags?post=101163"}],"curies":[{"name":"wp","href":"https:\/\/api.w.org\/{rel}","templated":true}]}}