{"id":101043,"date":"2023-08-07T05:46:46","date_gmt":"2023-08-07T09:46:46","guid":{"rendered":"https:\/\/www.campogrande.ms.gov.br\/cgnoticias\/?post_type=sec-noticias&#038;p=101043"},"modified":"2023-08-07T09:07:26","modified_gmt":"2023-08-07T13:07:26","slug":"prefeitura-lanca-hoje-calendario-festivo-dos-124-anos-de-campo-grande","status":"publish","type":"sec-noticias","link":"https:\/\/www.campogrande.ms.gov.br\/cgnoticias\/noticia\/prefeitura-lanca-hoje-calendario-festivo-dos-124-anos-de-campo-grande\/","title":{"rendered":"Prefeitura lan\u00e7a hoje calend\u00e1rio festivo dos 124 anos de Campo Grande"},"content":{"rendered":"<p>A Prefeitura de Campo Grande lan\u00e7a nesta segunda-feira (7), o calend\u00e1rio oficial alusivo ao anivers\u00e1rio da cidade, que completa 124 anos neste m\u00eas de agosto de 2023. A programa\u00e7\u00e3o ser\u00e1 apresentada pela prefeita Adriane Lopes, durante solenidade no Armaz\u00e9m Cultural, a partir das 18 horas.<\/p>\n<p>A programa\u00e7\u00e3o, que acontece durante todo o m\u00eas de agosto e segue at\u00e9 15 de setembro, prev\u00ea a\u00e7\u00f5es na cultura, infraestrutura, sa\u00fade, educa\u00e7\u00e3o, esporte e muitas outras \u00e1reas.<\/p>\n<p>Para deixar os campo-grandenses por dentro de toda a programa\u00e7\u00e3o e a\u00e7\u00f5es dos 124 anos, a Prefeitura vai divulgar diariamente as informa\u00e7\u00f5es de servi\u00e7os e agenda das comemora\u00e7\u00f5es.<\/p>\n<p><strong>Servi\u00e7o\u00a0<\/strong><\/p>\n<p>Apresenta\u00e7\u00e3o do Calend\u00e1rio de Festividades em comemora\u00e7\u00e3o aos 124 anos de Campo Grande<\/p>\n<ul>\n<li>Data: 07 de agosto (segunda-feira)<\/li>\n<li>Local: Armaz\u00e9m Cultural \u2013 Esplanada dos Ferrovi\u00e1rios<\/li>\n<li>Endere\u00e7o: Avenida Cal\u00f3geras, n\u00ba 3.110 \u2013 Centro<\/li>\n<li>Hor\u00e1rio: 18 horas<\/li>\n<\/ul>\n<p>O momento para o registro de fotos oficiais das autoridades est\u00e1 previsto na programa\u00e7\u00e3o do lan\u00e7amento e ocorrer\u00e1 no final do evento.<\/p>\n","protected":false},"author":391,"featured_media":100860,"template":"","meta":{"custom_icon_class":"","footnotes":""},"categories":[130],"tags":[],"class_list":["post-101043","sec-noticias","type-sec-noticias","status-publish","has-post-thumbnail","hentry","category-124-anos"],"acf":[],"_links":{"self":[{"href":"https:\/\/www.campogrande.ms.gov.br\/cgnoticias\/wp-json\/wp\/v2\/sec-noticias\/101043"}],"collection":[{"href":"https:\/\/www.campogrande.ms.gov.br\/cgnoticias\/wp-json\/wp\/v2\/sec-noticias"}],"about":[{"href":"https:\/\/www.campogrande.ms.gov.br\/cgnoticias\/wp-json\/wp\/v2\/types\/sec-noticias"}],"author":[{"embeddable":true,"href":"https:\/\/www.campogrande.ms.gov.br\/cgnoticias\/wp-json\/wp\/v2\/users\/391"}],"version-history":[{"count":1,"href":"https:\/\/www.campogrande.ms.gov.br\/cgnoticias\/wp-json\/wp\/v2\/sec-noticias\/101043\/revisions"}],"predecessor-version":[{"id":101165,"href":"https:\/\/www.campogrande.ms.gov.br\/cgnoticias\/wp-json\/wp\/v2\/sec-noticias\/101043\/revisions\/101165"}],"wp:featuredmedia":[{"embeddable":true,"href":"https:\/\/www.campogrande.ms.gov.br\/cgnoticias\/wp-json\/wp\/v2\/media\/100860"}],"wp:attachment":[{"href":"https:\/\/www.campogrande.ms.gov.br\/cgnoticias\/wp-json\/wp\/v2\/media?parent=101043"}],"wp:term":[{"taxonomy":"category","embeddable":true,"href":"https:\/\/www.campogrande.ms.gov.br\/cgnoticias\/wp-json\/wp\/v2\/categories?post=101043"},{"taxonomy":"post_tag","embeddable":true,"href":"https:\/\/www.campogrande.ms.gov.br\/cgnoticias\/wp-json\/wp\/v2\/tags?post=101043"}],"curies":[{"name":"wp","href":"https:\/\/api.w.org\/{rel}","templated":true}]}}